{"id":15447,"date":"2020-12-01T13:22:09","date_gmt":"2020-12-01T18:22:09","guid":{"rendered":"https:\/\/www.ontariohealthcoalition.ca\/?p=15447"},"modified":"2020-12-14T13:30:26","modified_gmt":"2020-12-14T18:30:26","slug":"un-patient-dottawa-atteint-du-cancer-terrifie-apres-avoir-ete-expose-a-la-covid-19","status":"publish","type":"post","link":"https:\/\/www.ontariohealthcoalition.ca\/index.php\/un-patient-dottawa-atteint-du-cancer-terrifie-apres-avoir-ete-expose-a-la-covid-19\/","title":{"rendered":"Un patient d&#8217;Ottawa atteint du cancer \u00ab terrifi\u00e9 \u00bb apr\u00e8s avoir \u00e9t\u00e9 expos\u00e9 \u00e0 la COVID-19"},"content":{"rendered":"<div class=\"main-multimedia-item-container\">(November 30, 2020)<\/div>\n<div><\/div>\n<div>By: Radio-Canada<\/div>\n<div class=\"main-multimedia-item-container\"><\/div>\n<div class=\"main-multimedia-item-container\"><picture class=\"pictureRender__StyledPicture-sc-134rn7e-0 eHPVRL e-picture is-ratio\"><img loading=\"lazy\" decoding=\"async\" class=\"\" src=\"https:\/\/images.radio-canada.ca\/q_auto,w_635\/v1\/ici-info\/16x9\/adrian-lloyd-cancer-covid-ottawa.png\" alt=\"Un homme se prend en photo de son lit d'h\u00f4pital.\" width=\"456\" height=\"256\" \/><\/picture><\/div>\n<div class=\"e-image-legend col-sm-6 col-md-10 col-lg-12 col-xl-12 offset-sm-1 offset-md-1 offset-lg-2 offset-xl-4\">\n<div class=\"styled__StyledImageCaption-sc-1dxp72h-2 kzXPdh e-image-caption\">\n<p class=\"styled__StyledLegend-sc-1dxp72h-0 ekfCcX\">Adrian Lloyd, 52 ans, est atteint d&#8217;un cancer du pancr\u00e9as de stade quatre. Il a r\u00e9cemment craint pour sa vie quand on lui a annonc\u00e9 qu&#8217;il avait partag\u00e9 des lieux avec des personnes d\u00e9clar\u00e9es positives \u00e0 la COVID-19, alors qu&#8217;il s\u00e9journait \u00e0 l&#8217;H\u00f4pital d&#8217;Ottawa.<\/p>\n<div class=\"lead-container\">\n<p class=\"e-p\">Un homme d&#8217;Ottawa atteint d&#8217;un cancer du pancr\u00e9as de stade quatre est en isolement apr\u00e8s qu\u2019un de ses co-chambreurs a re\u00e7u un r\u00e9sultat positif au test de d\u00e9pistage de la COVID-19.<\/p>\n<\/div>\n<section class=\"redactionals document-content-style\">\n<p class=\"e-p\"><span lang=\"en\" title=\"Anglais\">Adrian Lloyd<\/span>, 52\u00a0ans, s&#8217;est dit\u00a0<q lang=\"fr\" data-attributes=\"{&quot;lang&quot;:{&quot;value&quot;:&quot;fr&quot;,&quot;label&quot;:&quot;Fran\u00e7ais&quot;},&quot;value&quot;:{&quot;html&quot;:&quot;terrifi\u00e9&quot;,&quot;text&quot;:&quot;terrifi\u00e9&quot;}}\"><span lang=\"fr\" title=\"Fran\u00e7ais\">terrifi\u00e9<\/span><\/q>\u00a0lorsqu&#8217;on lui a annonc\u00e9, jeudi dernier, que quelqu&#8217;un dans sa chambre du campus g\u00e9n\u00e9ral de l&#8217;H\u00f4pital d&#8217;Ottawa avait contract\u00e9 la maladie.<\/p>\n<p class=\"e-p\">L\u2019homme livre un combat contre le cancer depuis six\u00a0ans maintenant. Le 20\u00a0novembre dernier, M.\u00a0<span lang=\"en\" title=\"Anglais\">Lloyd<\/span>\u00a0a \u00e9t\u00e9 admis \u00e0 l\u2019h\u00f4pital pour g\u00e9rer des sympt\u00f4mes li\u00e9s \u00e0 sa maladie.<\/p>\n<p class=\"e-p\">Mais lors de son s\u00e9jour,\u00a0<span lang=\"en\" title=\"Anglais\">Adrian Lloyd<\/span>\u00a0a \u00e9t\u00e9 plac\u00e9 dans des chambres pour deux et pour quatre\u00a0patients. L\u2019un de ses colocataires a m\u00eame re\u00e7u de la visite, a-t-il indiqu\u00e9.<\/p>\n<p class=\"e-p\">Selon M.\u00a0<span lang=\"en\" title=\"Anglais\">Lloyd<\/span>, les patients au syst\u00e8me immunitaire vuln\u00e9rable, comme lui, sont expos\u00e9s \u00e0 des risques inutiles lorsqu&#8217;ils sont gard\u00e9s dans des chambres partag\u00e9es.<\/p>\n<p class=\"e-p\">Il a d\u2019ailleurs exprim\u00e9 ses pr\u00e9occupations \u00e0 son \u00e9quipe de soins quand il a remarqu\u00e9 qu\u2019un de ses co-chambreurs pr\u00e9sentait des signes d\u2019infection de la COVID-19.<\/p>\n<p class=\"e-p\">Selon M.\u00a0<span lang=\"en\" title=\"Anglais\">Lloyd<\/span>, la toux de son camarade de chambre ressemblait \u00e0 un\u00a0<q lang=\"fr\" data-attributes=\"{&quot;lang&quot;:{&quot;value&quot;:&quot;fr&quot;,&quot;label&quot;:&quot;Fran\u00e7ais&quot;},&quot;value&quot;:{&quot;html&quot;:&quot;train de marchandises&quot;,&quot;text&quot;:&quot;train de marchandises&quot;}}\"><span lang=\"fr\" title=\"Fran\u00e7ais\">train de marchandises<\/span><\/q>, mais on lui aurait r\u00e9pondu que ces sympt\u00f4mes \u00e9taient li\u00e9s \u00e0 un cancer. Mais l\u2019histoire ne s\u2019arr\u00eate pas l\u00e0.<\/p>\n<p class=\"e-p\"><q lang=\"fr\" data-attributes=\"{&quot;lang&quot;:{&quot;value&quot;:&quot;fr&quot;,&quot;label&quot;:&quot;Fran\u00e7ais&quot;},&quot;value&quot;:{&quot;html&quot;:&quot;On m\u2019a dit qu\u2019une des deux personnes qui \u00e9taient \u00e0 c\u00f4t\u00e9 de moi durant mon s\u00e9jour venait d\u2019\u00eatre d\u00e9clar\u00e9e positive \u00e0 la COVID-19. J\u2019ai \u00e9t\u00e9 test\u00e9 on m\u2019a imm\u00e9diatement d\u00e9plac\u00e9 dans une chambre seul&quot;,&quot;text&quot;:&quot;On m\u2019a dit qu\u2019une des deux personnes qui \u00e9taient \u00e0 c\u00f4t\u00e9 de moi durant mon s\u00e9jour venait d\u2019\u00eatre d\u00e9clar\u00e9e positive \u00e0 la COVID-19. J\u2019ai \u00e9t\u00e9 test\u00e9 on m\u2019a imm\u00e9diatement d\u00e9plac\u00e9 dans une chambre seul&quot;}}\"><span lang=\"fr\" title=\"Fran\u00e7ais\">On m\u2019a dit qu\u2019une des deux\u00a0personnes qui \u00e9taient \u00e0 c\u00f4t\u00e9 de moi durant mon s\u00e9jour venait d\u2019\u00eatre d\u00e9clar\u00e9e positive \u00e0 la COVID-19. J\u2019ai \u00e9t\u00e9 test\u00e9, on m\u2019a imm\u00e9diatement d\u00e9plac\u00e9 dans une chambre seul<\/span><\/q>, raconte\u00a0<span lang=\"en\" title=\"Anglais\">Adrian Lloyd<\/span>.<\/p>\n<p class=\"e-p\">M.\u00a0<span lang=\"en\" title=\"Anglais\">Lloyd<\/span>\u00a0rapporte avoir \u00e9t\u00e9 inform\u00e9 de son possible contact avec une personne d\u00e9clar\u00e9e positive \u00e0 la COVID-19 le 26\u00a0novembre. Le m\u00eame jour, Sant\u00e9 publique Ottawa (<abbr class=\"m-abbreviation has-tooltip\" title=\"Sant\u00e9 publique Ottawa\">SPO<span class=\"styled__StyledTooltip-sc-16f5eoy-0 eqwfxE e-tooltip has-align-center has-top\" aria-hidden=\"true\"><span class=\"tooltip-content\">Sant\u00e9 publique Ottawa<\/span><\/span><\/abbr>) annon\u00e7ait une \u00e9closion dans le secteur de l\u2019\u00e9tablissement dans lequel il avait s\u00e9journ\u00e9. Selon le site Web de\u00a0<abbr class=\"m-abbreviation has-tooltip\" title=\"Sant\u00e9 publique Ottawa\">SPO<span class=\"styled__StyledTooltip-sc-16f5eoy-0 eqwfxE e-tooltip has-align-center has-top\" aria-hidden=\"true\"><span class=\"tooltip-content\">Sant\u00e9 publique Ottawa<\/span><\/span><\/abbr>, il y a eu cinq\u00a0cas et un d\u00e9c\u00e8s en lien avec la COVID-19 dans le service.<\/p>\n<p class=\"e-p\">Depuis, il a re\u00e7u un r\u00e9sultat n\u00e9gatif \u00e0 la COVID-19, mais il a \u00e9t\u00e9 plac\u00e9 en isolement pour une p\u00e9riode de dix\u00a0jours.<\/p>\n<h2 class=\"sc-1vaxh1e-1 dqWFVQ redactional\">D\u00e9jouer les pronostics<\/h2>\n<p class=\"e-p\">Lorsqu\u2019on a annonc\u00e9 \u00e0\u00a0<span lang=\"en\" title=\"Anglais\">Adrian Lloyd<\/span>\u00a0qu\u2019il \u00e9tait atteint d\u2019un cancer, les m\u00e9decins lui donnaient environ deux\u00a0ans \u00e0 vivre. \u00c7a fait maintenant six\u00a0ans que l\u2019homme d\u00e9joue les pronostics.<\/p>\n<blockquote class=\"e-blockquote null\">\n<h3>&#8220;Je n&#8217;ai pas v\u00e9cu pr\u00e8s de six ans \u00e0 combattre le cancer du pancr\u00e9as pour ensuite mourir d&#8217;un virus.&#8221;<\/h3>\n<footer>&#8211; Adrian Lloyd<\/footer>\n<\/blockquote>\n<p class=\"e-p\"><q lang=\"fr\" data-attributes=\"{&quot;lang&quot;:{&quot;value&quot;:&quot;fr&quot;,&quot;label&quot;:&quot;Fran\u00e7ais&quot;},&quot;value&quot;:{&quot;html&quot;:&quot;Toute personne dont le syst\u00e8me immunitaire est gravement affaibli ne devrait pas \u00eatre mise dans une situation comme celle-ci. Des erreurs peuvent se produisent, mais c'\u00e9tait une erreur hautement \u00e9vitable&quot;,&quot;text&quot;:&quot;Toute personne dont le syst\u00e8me immunitaire est gravement affaibli ne devrait pas \u00eatre mise dans une situation comme celle-ci. Des erreurs peuvent se produisent, mais c'\u00e9tait une erreur hautement \u00e9vitable&quot;}}\"><span lang=\"fr\" title=\"Fran\u00e7ais\">Toute personne dont le syst\u00e8me immunitaire est gravement affaibli ne devrait pas \u00eatre mise dans une situation comme celle-ci. Des erreurs peuvent se produisent, mais c&#8217;\u00e9tait une erreur hautement \u00e9vitable<\/span><\/q>, estime\u00a0<span lang=\"en\" title=\"Anglais\">Adrian\u00a0Lloyd<\/span>.<\/p>\n<h2 class=\"sc-1vaxh1e-1 dqWFVQ redactional\">Les h\u00f4pitaux sont pleins, d\u00e9plore une coalition<\/h2>\n<p class=\"e-p\">Natalie Mehra, directrice g\u00e9n\u00e9rale de la Coalition ontarienne de la sant\u00e9 (<abbr class=\"m-abbreviation has-tooltip\" title=\"Coalition ontarienne de la sant\u00e9\">COS<span class=\"styled__StyledTooltip-sc-16f5eoy-0 eqwfxE e-tooltip has-align-center has-top\" aria-hidden=\"true\"><span class=\"tooltip-content\">Coalition ontarienne de la sant\u00e9<\/span><\/span><\/abbr>), n\u2019est pas surprise de voir des patients atteints de cancer partager une chambre, m\u00eame en temps de pand\u00e9mie.<\/p>\n<p class=\"e-p\"><q lang=\"fr\" data-attributes=\"{&quot;lang&quot;:{&quot;value&quot;:&quot;fr&quot;,&quot;label&quot;:&quot;Fran\u00e7ais&quot;,&quot;data&quot;:{&quot;id&quot;:&quot;fr&quot;,&quot;name&quot;:&quot;Fran\u00e7ais&quot;}},&quot;value&quot;:{&quot;html&quot;:&quot;Les h\u00f4pitaux sont pleins&quot;,&quot;text&quot;:&quot;Les h\u00f4pitaux sont pleins&quot;}}\"><span lang=\"fr\" title=\"Fran\u00e7ais\">Les h\u00f4pitaux sont pleins<\/span><\/q>, a lanc\u00e9 Natalie Mehra.\u00a0<q lang=\"fr\" data-attributes=\"{&quot;lang&quot;:{&quot;value&quot;:&quot;fr&quot;,&quot;label&quot;:&quot;Fran\u00e7ais&quot;,&quot;data&quot;:{&quot;id&quot;:&quot;fr&quot;,&quot;name&quot;:&quot;Fran\u00e7ais&quot;}},&quot;value&quot;:{&quot;html&quot;:&quot;[L'H\u00f4pital d'Ottawa] est un h\u00f4pital tr\u00e8s occup\u00e9. Il n'y a pas assez de capacit\u00e9 l\u00e0-bas, et c'est une situation qui perdure depuis des ann\u00e9es. Les gens sont donc dans des chambres partag\u00e9es&quot;,&quot;text&quot;:&quot;[L'H\u00f4pital d'Ottawa] est un h\u00f4pital tr\u00e8s occup\u00e9. Il n'y a pas assez de capacit\u00e9 l\u00e0-bas, et c'est une situation qui perdure depuis des ann\u00e9es. Les gens sont donc dans des chambres partag\u00e9es&quot;}}\"><span lang=\"fr\" title=\"Fran\u00e7ais\">[L&#8217;H\u00f4pital d&#8217;Ottawa] est un h\u00f4pital tr\u00e8s occup\u00e9. Il n&#8217;y a pas assez de capacit\u00e9 l\u00e0-bas, et c&#8217;est une situation qui perdure depuis des ann\u00e9es. Les gens sont donc dans des chambres partag\u00e9es<\/span><\/q>.<\/p>\n<p class=\"e-p\">Selon Mme Mehra, la plupart des h\u00f4pitaux testent les patients \u00e0 l&#8217;admission pour essayer de pr\u00e9venir les \u00e9pid\u00e9mies, mais la COVID-19 s&#8217;est av\u00e9r\u00e9e difficile \u00e0 contr\u00f4ler dans les \u00e9tablissements de sant\u00e9, dit-elle.<\/p>\n<p class=\"e-p\"><q lang=\"fr\" data-attributes=\"{&quot;lang&quot;:{&quot;value&quot;:&quot;fr&quot;,&quot;label&quot;:&quot;Fran\u00e7ais&quot;},&quot;value&quot;:{&quot;html&quot;:&quot;Une chose difficile et terrible \u00e0 propos de ce virus, c\u2019est qu\u2019il peut \u00eatre transmis par des personnes asymptomatiques et c'est un \u00e9norme probl\u00e8me dans la transmission de cette maladie&quot;,&quot;text&quot;:&quot;Une chose difficile et terrible \u00e0 propos de ce virus, c\u2019est qu\u2019il peut \u00eatre transmis par des personnes asymptomatiques et c'est un \u00e9norme probl\u00e8me dans la transmission de cette maladie&quot;}}\"><span lang=\"fr\" title=\"Fran\u00e7ais\">Une chose difficile et terrible \u00e0 propos de ce virus, c\u2019est qu\u2019il peut \u00eatre transmis par des personnes asymptomatiques et c&#8217;est un \u00e9norme probl\u00e8me dans la transmission de cette maladie<\/span><\/q>, souligne la directrice g\u00e9n\u00e9rale de la Coalition ontarienne de la sant\u00e9.<\/p>\n<div class=\"framed\"><\/div>\n<p class=\"e-p\">L\u2019\u00e9tat d\u2019esprit de\u00a0<span lang=\"en\" title=\"Anglais\">Adrian Lloyd<\/span>\u00a0est tout \u00e0 fait compr\u00e9hensible, soutient Mme\u00a0Mehra.<\/p>\n<p class=\"e-p\"><q lang=\"fr\" data-attributes=\"{&quot;lang&quot;:{&quot;value&quot;:&quot;fr&quot;,&quot;label&quot;:&quot;Fran\u00e7ais&quot;},&quot;value&quot;:{&quot;html&quot;:&quot;Ce que ce patient a v\u00e9cu ressemble au m\u00eame genre de cauchemar que nous entendons dans les maisons de soins de longue dur\u00e9e, o\u00f9 les personnes c\u00f4toient des cas symptomatiques, et il faut des jours pour qu\u2019ils soient test\u00e9s&quot;,&quot;text&quot;:&quot;Ce que ce patient a v\u00e9cu ressemble au m\u00eame genre de cauchemar que nous entendons dans les maisons de soins de longue dur\u00e9e, o\u00f9 les personnes c\u00f4toient des cas symptomatiques, et il faut des jours pour qu\u2019ils soient test\u00e9s&quot;}}\"><span lang=\"fr\" title=\"Fran\u00e7ais\">Ce que ce patient a v\u00e9cu ressemble au m\u00eame genre de cauchemar que nous entendons dans les maisons de soins de longue dur\u00e9e, o\u00f9 les personnes c\u00f4toient des cas symptomatiques, et il faut des jours pour qu\u2019ils soient test\u00e9s<\/span><\/q>, note-t-elle.<\/p>\n<p><a href=\"https:\/\/ici.radio-canada.ca\/nouvelle\/1753562\/patient-ottawa-cancer-covid-19-hopital\"><span style=\"color: #3366ff;\">Click here for original article<\/span><\/a><\/p>\n<\/section>\n<\/div>\n<\/div>\n","protected":false},"excerpt":{"rendered":"<p>(November 30, 2020) By: Radio-Canada Adrian Lloyd, 52 ans, est atteint d&#8217;un cancer du pancr\u00e9as de stade quatre. Il a r\u00e9cemment craint pour sa vie quand on lui a annonc\u00e9 qu&#8217;il avait partag\u00e9 des lieux avec des personnes d\u00e9clar\u00e9es positives \u00e0 la COVID-19, alors qu&#8217;il s\u00e9journait \u00e0 l&#8217;H\u00f4pital d&#8217;Ottawa. Un homme d&#8217;Ottawa atteint d&#8217;un cancer [&hellip;]<\/p>\n","protected":false},"author":1,"featured_media":0,"comment_status":"closed","ping_status":"closed","sticky":false,"template":"","format":"standard","meta":{"footnotes":""},"categories":[21],"tags":[],"class_list":["post-15447","post","type-post","status-publish","format-standard","hentry","category-ohc-in-the-news"],"yoast_head":"<!-- This site is optimized with the Yoast SEO plugin v27.5 - https:\/\/yoast.com\/product\/yoast-seo-wordpress\/ -->\n<title>Un patient d&#039;Ottawa atteint du cancer \u00ab terrifi\u00e9 \u00bb apr\u00e8s avoir \u00e9t\u00e9 expos\u00e9 \u00e0 la COVID-19 - Ontario Health Coalition<\/title>\n<meta name=\"description\" content=\"(November 30, 2020) By: Radio-Canada Adrian Lloyd, 52 ans, est atteint d&#039;un cancer du pancr\u00e9as de stade quatre. Il a r\u00e9cemment craint pour sa vie quand on\" \/>\n<meta name=\"robots\" content=\"index, follow, max-snippet:-1, max-image-preview:large, max-video-preview:-1\" \/>\n<link rel=\"canonical\" href=\"https:\/\/www.ontariohealthcoalition.ca\/index.php\/un-patient-dottawa-atteint-du-cancer-terrifie-apres-avoir-ete-expose-a-la-covid-19\/\" \/>\n<meta property=\"og:locale\" content=\"en_US\" \/>\n<meta property=\"og:type\" content=\"article\" \/>\n<meta property=\"og:title\" content=\"Un patient d&#039;Ottawa atteint du cancer \u00ab terrifi\u00e9 \u00bb apr\u00e8s avoir \u00e9t\u00e9 expos\u00e9 \u00e0 la COVID-19 - Ontario Health Coalition\" \/>\n<meta property=\"og:description\" content=\"(November 30, 2020) By: Radio-Canada Adrian Lloyd, 52 ans, est atteint d&#039;un cancer du pancr\u00e9as de stade quatre. Il a r\u00e9cemment craint pour sa vie quand on\" \/>\n<meta property=\"og:url\" content=\"https:\/\/www.ontariohealthcoalition.ca\/index.php\/un-patient-dottawa-atteint-du-cancer-terrifie-apres-avoir-ete-expose-a-la-covid-19\/\" \/>\n<meta property=\"og:site_name\" content=\"Ontario Health Coalition\" \/>\n<meta property=\"article:publisher\" content=\"https:\/\/www.facebook.com\/ontariohealth?fref=ts\" \/>\n<meta property=\"article:published_time\" content=\"2020-12-01T18:22:09+00:00\" \/>\n<meta property=\"article:modified_time\" content=\"2020-12-14T18:30:26+00:00\" \/>\n<meta property=\"og:image\" content=\"https:\/\/images.radio-canada.ca\/q_auto,w_635\/v1\/ici-info\/16x9\/adrian-lloyd-cancer-covid-ottawa.png\" \/>\n<meta name=\"author\" content=\"admin\" \/>\n<meta name=\"twitter:label1\" content=\"Written by\" \/>\n\t<meta name=\"twitter:data1\" content=\"admin\" \/>\n\t<meta name=\"twitter:label2\" content=\"Est. reading time\" \/>\n\t<meta name=\"twitter:data2\" content=\"4 minutes\" \/>\n<script type=\"application\/ld+json\" class=\"yoast-schema-graph\">{\"@context\":\"https:\\\/\\\/schema.org\",\"@graph\":[{\"@type\":\"Article\",\"@id\":\"https:\\\/\\\/www.ontariohealthcoalition.ca\\\/index.php\\\/un-patient-dottawa-atteint-du-cancer-terrifie-apres-avoir-ete-expose-a-la-covid-19\\\/#article\",\"isPartOf\":{\"@id\":\"https:\\\/\\\/www.ontariohealthcoalition.ca\\\/index.php\\\/un-patient-dottawa-atteint-du-cancer-terrifie-apres-avoir-ete-expose-a-la-covid-19\\\/\"},\"author\":{\"name\":\"admin\",\"@id\":\"https:\\\/\\\/www.ontariohealthcoalition.ca\\\/#\\\/schema\\\/person\\\/3bee6583f445dde27b35a7bba61b06b4\"},\"headline\":\"Un patient d&#8217;Ottawa atteint du cancer \u00ab terrifi\u00e9 \u00bb apr\u00e8s avoir \u00e9t\u00e9 expos\u00e9 \u00e0 la COVID-19\",\"datePublished\":\"2020-12-01T18:22:09+00:00\",\"dateModified\":\"2020-12-14T18:30:26+00:00\",\"mainEntityOfPage\":{\"@id\":\"https:\\\/\\\/www.ontariohealthcoalition.ca\\\/index.php\\\/un-patient-dottawa-atteint-du-cancer-terrifie-apres-avoir-ete-expose-a-la-covid-19\\\/\"},\"wordCount\":807,\"publisher\":{\"@id\":\"https:\\\/\\\/www.ontariohealthcoalition.ca\\\/#organization\"},\"image\":{\"@id\":\"https:\\\/\\\/www.ontariohealthcoalition.ca\\\/index.php\\\/un-patient-dottawa-atteint-du-cancer-terrifie-apres-avoir-ete-expose-a-la-covid-19\\\/#primaryimage\"},\"thumbnailUrl\":\"https:\\\/\\\/images.radio-canada.ca\\\/q_auto,w_635\\\/v1\\\/ici-info\\\/16x9\\\/adrian-lloyd-cancer-covid-ottawa.png\",\"articleSection\":[\"OHC in the News\"],\"inLanguage\":\"en-US\"},{\"@type\":\"WebPage\",\"@id\":\"https:\\\/\\\/www.ontariohealthcoalition.ca\\\/index.php\\\/un-patient-dottawa-atteint-du-cancer-terrifie-apres-avoir-ete-expose-a-la-covid-19\\\/\",\"url\":\"https:\\\/\\\/www.ontariohealthcoalition.ca\\\/index.php\\\/un-patient-dottawa-atteint-du-cancer-terrifie-apres-avoir-ete-expose-a-la-covid-19\\\/\",\"name\":\"Un patient d'Ottawa atteint du cancer \u00ab terrifi\u00e9 \u00bb apr\u00e8s avoir \u00e9t\u00e9 expos\u00e9 \u00e0 la COVID-19 - Ontario Health Coalition\",\"isPartOf\":{\"@id\":\"https:\\\/\\\/www.ontariohealthcoalition.ca\\\/#website\"},\"primaryImageOfPage\":{\"@id\":\"https:\\\/\\\/www.ontariohealthcoalition.ca\\\/index.php\\\/un-patient-dottawa-atteint-du-cancer-terrifie-apres-avoir-ete-expose-a-la-covid-19\\\/#primaryimage\"},\"image\":{\"@id\":\"https:\\\/\\\/www.ontariohealthcoalition.ca\\\/index.php\\\/un-patient-dottawa-atteint-du-cancer-terrifie-apres-avoir-ete-expose-a-la-covid-19\\\/#primaryimage\"},\"thumbnailUrl\":\"https:\\\/\\\/images.radio-canada.ca\\\/q_auto,w_635\\\/v1\\\/ici-info\\\/16x9\\\/adrian-lloyd-cancer-covid-ottawa.png\",\"datePublished\":\"2020-12-01T18:22:09+00:00\",\"dateModified\":\"2020-12-14T18:30:26+00:00\",\"description\":\"(November 30, 2020) By: Radio-Canada Adrian Lloyd, 52 ans, est atteint d'un cancer du pancr\u00e9as de stade quatre. Il a r\u00e9cemment craint pour sa vie quand on\",\"breadcrumb\":{\"@id\":\"https:\\\/\\\/www.ontariohealthcoalition.ca\\\/index.php\\\/un-patient-dottawa-atteint-du-cancer-terrifie-apres-avoir-ete-expose-a-la-covid-19\\\/#breadcrumb\"},\"inLanguage\":\"en-US\",\"potentialAction\":[{\"@type\":\"ReadAction\",\"target\":[\"https:\\\/\\\/www.ontariohealthcoalition.ca\\\/index.php\\\/un-patient-dottawa-atteint-du-cancer-terrifie-apres-avoir-ete-expose-a-la-covid-19\\\/\"]}]},{\"@type\":\"ImageObject\",\"inLanguage\":\"en-US\",\"@id\":\"https:\\\/\\\/www.ontariohealthcoalition.ca\\\/index.php\\\/un-patient-dottawa-atteint-du-cancer-terrifie-apres-avoir-ete-expose-a-la-covid-19\\\/#primaryimage\",\"url\":\"https:\\\/\\\/images.radio-canada.ca\\\/q_auto,w_635\\\/v1\\\/ici-info\\\/16x9\\\/adrian-lloyd-cancer-covid-ottawa.png\",\"contentUrl\":\"https:\\\/\\\/images.radio-canada.ca\\\/q_auto,w_635\\\/v1\\\/ici-info\\\/16x9\\\/adrian-lloyd-cancer-covid-ottawa.png\"},{\"@type\":\"BreadcrumbList\",\"@id\":\"https:\\\/\\\/www.ontariohealthcoalition.ca\\\/index.php\\\/un-patient-dottawa-atteint-du-cancer-terrifie-apres-avoir-ete-expose-a-la-covid-19\\\/#breadcrumb\",\"itemListElement\":[{\"@type\":\"ListItem\",\"position\":1,\"name\":\"Home\",\"item\":\"https:\\\/\\\/www.ontariohealthcoalition.ca\\\/\"},{\"@type\":\"ListItem\",\"position\":2,\"name\":\"Un patient d&#8217;Ottawa atteint du cancer \u00ab terrifi\u00e9 \u00bb apr\u00e8s avoir \u00e9t\u00e9 expos\u00e9 \u00e0 la COVID-19\"}]},{\"@type\":\"WebSite\",\"@id\":\"https:\\\/\\\/www.ontariohealthcoalition.ca\\\/#website\",\"url\":\"https:\\\/\\\/www.ontariohealthcoalition.ca\\\/\",\"name\":\"Ontario Health Coalition\",\"description\":\"Our primary goal is to protect and improve our public health care system\",\"publisher\":{\"@id\":\"https:\\\/\\\/www.ontariohealthcoalition.ca\\\/#organization\"},\"potentialAction\":[{\"@type\":\"SearchAction\",\"target\":{\"@type\":\"EntryPoint\",\"urlTemplate\":\"https:\\\/\\\/www.ontariohealthcoalition.ca\\\/?s={search_term_string}\"},\"query-input\":{\"@type\":\"PropertyValueSpecification\",\"valueRequired\":true,\"valueName\":\"search_term_string\"}}],\"inLanguage\":\"en-US\"},{\"@type\":\"Organization\",\"@id\":\"https:\\\/\\\/www.ontariohealthcoalition.ca\\\/#organization\",\"name\":\"Ontario Health Coalition\",\"url\":\"https:\\\/\\\/www.ontariohealthcoalition.ca\\\/\",\"logo\":{\"@type\":\"ImageObject\",\"inLanguage\":\"en-US\",\"@id\":\"https:\\\/\\\/www.ontariohealthcoalition.ca\\\/#\\\/schema\\\/logo\\\/image\\\/\",\"url\":\"https:\\\/\\\/www.ontariohealthcoalition.ca\\\/wp-content\\\/uploads\\\/logo_ohc_new-1.png\",\"contentUrl\":\"https:\\\/\\\/www.ontariohealthcoalition.ca\\\/wp-content\\\/uploads\\\/logo_ohc_new-1.png\",\"width\":478,\"height\":240,\"caption\":\"Ontario Health Coalition\"},\"image\":{\"@id\":\"https:\\\/\\\/www.ontariohealthcoalition.ca\\\/#\\\/schema\\\/logo\\\/image\\\/\"},\"sameAs\":[\"https:\\\/\\\/www.facebook.com\\\/ontariohealth?fref=ts\",\"https:\\\/\\\/x.com\\\/OntarioHealthC\",\"https:\\\/\\\/www.instagram.com\\\/ontariohealthcoalition\",\"https:\\\/\\\/www.tiktok.com\\\/@ontariohealthc\",\"https:\\\/\\\/www.youtube.com\\\/channel\\\/UCPy4Erf4xGLZV6CY23xdokw\"]},{\"@type\":\"Person\",\"@id\":\"https:\\\/\\\/www.ontariohealthcoalition.ca\\\/#\\\/schema\\\/person\\\/3bee6583f445dde27b35a7bba61b06b4\",\"name\":\"admin\"}]}<\/script>\n<!-- \/ Yoast SEO plugin. -->","yoast_head_json":{"title":"Un patient d'Ottawa atteint du cancer \u00ab terrifi\u00e9 \u00bb apr\u00e8s avoir \u00e9t\u00e9 expos\u00e9 \u00e0 la COVID-19 - Ontario Health Coalition","description":"(November 30, 2020) By: Radio-Canada Adrian Lloyd, 52 ans, est atteint d'un cancer du pancr\u00e9as de stade quatre. Il a r\u00e9cemment craint pour sa vie quand on","robots":{"index":"index","follow":"follow","max-snippet":"max-snippet:-1","max-image-preview":"max-image-preview:large","max-video-preview":"max-video-preview:-1"},"canonical":"https:\/\/www.ontariohealthcoalition.ca\/index.php\/un-patient-dottawa-atteint-du-cancer-terrifie-apres-avoir-ete-expose-a-la-covid-19\/","og_locale":"en_US","og_type":"article","og_title":"Un patient d'Ottawa atteint du cancer \u00ab terrifi\u00e9 \u00bb apr\u00e8s avoir \u00e9t\u00e9 expos\u00e9 \u00e0 la COVID-19 - Ontario Health Coalition","og_description":"(November 30, 2020) By: Radio-Canada Adrian Lloyd, 52 ans, est atteint d'un cancer du pancr\u00e9as de stade quatre. Il a r\u00e9cemment craint pour sa vie quand on","og_url":"https:\/\/www.ontariohealthcoalition.ca\/index.php\/un-patient-dottawa-atteint-du-cancer-terrifie-apres-avoir-ete-expose-a-la-covid-19\/","og_site_name":"Ontario Health Coalition","article_publisher":"https:\/\/www.facebook.com\/ontariohealth?fref=ts","article_published_time":"2020-12-01T18:22:09+00:00","article_modified_time":"2020-12-14T18:30:26+00:00","og_image":[{"url":"https:\/\/images.radio-canada.ca\/q_auto,w_635\/v1\/ici-info\/16x9\/adrian-lloyd-cancer-covid-ottawa.png","type":"","width":"","height":""}],"author":"admin","twitter_misc":{"Written by":"admin","Est. reading time":"4 minutes"},"schema":{"@context":"https:\/\/schema.org","@graph":[{"@type":"Article","@id":"https:\/\/www.ontariohealthcoalition.ca\/index.php\/un-patient-dottawa-atteint-du-cancer-terrifie-apres-avoir-ete-expose-a-la-covid-19\/#article","isPartOf":{"@id":"https:\/\/www.ontariohealthcoalition.ca\/index.php\/un-patient-dottawa-atteint-du-cancer-terrifie-apres-avoir-ete-expose-a-la-covid-19\/"},"author":{"name":"admin","@id":"https:\/\/www.ontariohealthcoalition.ca\/#\/schema\/person\/3bee6583f445dde27b35a7bba61b06b4"},"headline":"Un patient d&#8217;Ottawa atteint du cancer \u00ab terrifi\u00e9 \u00bb apr\u00e8s avoir \u00e9t\u00e9 expos\u00e9 \u00e0 la COVID-19","datePublished":"2020-12-01T18:22:09+00:00","dateModified":"2020-12-14T18:30:26+00:00","mainEntityOfPage":{"@id":"https:\/\/www.ontariohealthcoalition.ca\/index.php\/un-patient-dottawa-atteint-du-cancer-terrifie-apres-avoir-ete-expose-a-la-covid-19\/"},"wordCount":807,"publisher":{"@id":"https:\/\/www.ontariohealthcoalition.ca\/#organization"},"image":{"@id":"https:\/\/www.ontariohealthcoalition.ca\/index.php\/un-patient-dottawa-atteint-du-cancer-terrifie-apres-avoir-ete-expose-a-la-covid-19\/#primaryimage"},"thumbnailUrl":"https:\/\/images.radio-canada.ca\/q_auto,w_635\/v1\/ici-info\/16x9\/adrian-lloyd-cancer-covid-ottawa.png","articleSection":["OHC in the News"],"inLanguage":"en-US"},{"@type":"WebPage","@id":"https:\/\/www.ontariohealthcoalition.ca\/index.php\/un-patient-dottawa-atteint-du-cancer-terrifie-apres-avoir-ete-expose-a-la-covid-19\/","url":"https:\/\/www.ontariohealthcoalition.ca\/index.php\/un-patient-dottawa-atteint-du-cancer-terrifie-apres-avoir-ete-expose-a-la-covid-19\/","name":"Un patient d'Ottawa atteint du cancer \u00ab terrifi\u00e9 \u00bb apr\u00e8s avoir \u00e9t\u00e9 expos\u00e9 \u00e0 la COVID-19 - Ontario Health Coalition","isPartOf":{"@id":"https:\/\/www.ontariohealthcoalition.ca\/#website"},"primaryImageOfPage":{"@id":"https:\/\/www.ontariohealthcoalition.ca\/index.php\/un-patient-dottawa-atteint-du-cancer-terrifie-apres-avoir-ete-expose-a-la-covid-19\/#primaryimage"},"image":{"@id":"https:\/\/www.ontariohealthcoalition.ca\/index.php\/un-patient-dottawa-atteint-du-cancer-terrifie-apres-avoir-ete-expose-a-la-covid-19\/#primaryimage"},"thumbnailUrl":"https:\/\/images.radio-canada.ca\/q_auto,w_635\/v1\/ici-info\/16x9\/adrian-lloyd-cancer-covid-ottawa.png","datePublished":"2020-12-01T18:22:09+00:00","dateModified":"2020-12-14T18:30:26+00:00","description":"(November 30, 2020) By: Radio-Canada Adrian Lloyd, 52 ans, est atteint d'un cancer du pancr\u00e9as de stade quatre. Il a r\u00e9cemment craint pour sa vie quand on","breadcrumb":{"@id":"https:\/\/www.ontariohealthcoalition.ca\/index.php\/un-patient-dottawa-atteint-du-cancer-terrifie-apres-avoir-ete-expose-a-la-covid-19\/#breadcrumb"},"inLanguage":"en-US","potentialAction":[{"@type":"ReadAction","target":["https:\/\/www.ontariohealthcoalition.ca\/index.php\/un-patient-dottawa-atteint-du-cancer-terrifie-apres-avoir-ete-expose-a-la-covid-19\/"]}]},{"@type":"ImageObject","inLanguage":"en-US","@id":"https:\/\/www.ontariohealthcoalition.ca\/index.php\/un-patient-dottawa-atteint-du-cancer-terrifie-apres-avoir-ete-expose-a-la-covid-19\/#primaryimage","url":"https:\/\/images.radio-canada.ca\/q_auto,w_635\/v1\/ici-info\/16x9\/adrian-lloyd-cancer-covid-ottawa.png","contentUrl":"https:\/\/images.radio-canada.ca\/q_auto,w_635\/v1\/ici-info\/16x9\/adrian-lloyd-cancer-covid-ottawa.png"},{"@type":"BreadcrumbList","@id":"https:\/\/www.ontariohealthcoalition.ca\/index.php\/un-patient-dottawa-atteint-du-cancer-terrifie-apres-avoir-ete-expose-a-la-covid-19\/#breadcrumb","itemListElement":[{"@type":"ListItem","position":1,"name":"Home","item":"https:\/\/www.ontariohealthcoalition.ca\/"},{"@type":"ListItem","position":2,"name":"Un patient d&#8217;Ottawa atteint du cancer \u00ab terrifi\u00e9 \u00bb apr\u00e8s avoir \u00e9t\u00e9 expos\u00e9 \u00e0 la COVID-19"}]},{"@type":"WebSite","@id":"https:\/\/www.ontariohealthcoalition.ca\/#website","url":"https:\/\/www.ontariohealthcoalition.ca\/","name":"Ontario Health Coalition","description":"Our primary goal is to protect and improve our public health care system","publisher":{"@id":"https:\/\/www.ontariohealthcoalition.ca\/#organization"},"potentialAction":[{"@type":"SearchAction","target":{"@type":"EntryPoint","urlTemplate":"https:\/\/www.ontariohealthcoalition.ca\/?s={search_term_string}"},"query-input":{"@type":"PropertyValueSpecification","valueRequired":true,"valueName":"search_term_string"}}],"inLanguage":"en-US"},{"@type":"Organization","@id":"https:\/\/www.ontariohealthcoalition.ca\/#organization","name":"Ontario Health Coalition","url":"https:\/\/www.ontariohealthcoalition.ca\/","logo":{"@type":"ImageObject","inLanguage":"en-US","@id":"https:\/\/www.ontariohealthcoalition.ca\/#\/schema\/logo\/image\/","url":"https:\/\/www.ontariohealthcoalition.ca\/wp-content\/uploads\/logo_ohc_new-1.png","contentUrl":"https:\/\/www.ontariohealthcoalition.ca\/wp-content\/uploads\/logo_ohc_new-1.png","width":478,"height":240,"caption":"Ontario Health Coalition"},"image":{"@id":"https:\/\/www.ontariohealthcoalition.ca\/#\/schema\/logo\/image\/"},"sameAs":["https:\/\/www.facebook.com\/ontariohealth?fref=ts","https:\/\/x.com\/OntarioHealthC","https:\/\/www.instagram.com\/ontariohealthcoalition","https:\/\/www.tiktok.com\/@ontariohealthc","https:\/\/www.youtube.com\/channel\/UCPy4Erf4xGLZV6CY23xdokw"]},{"@type":"Person","@id":"https:\/\/www.ontariohealthcoalition.ca\/#\/schema\/person\/3bee6583f445dde27b35a7bba61b06b4","name":"admin"}]}},"_links":{"self":[{"href":"https:\/\/www.ontariohealthcoalition.ca\/index.php\/wp-json\/wp\/v2\/posts\/15447","targetHints":{"allow":["GET"]}}],"collection":[{"href":"https:\/\/www.ontariohealthcoalition.ca\/index.php\/wp-json\/wp\/v2\/posts"}],"about":[{"href":"https:\/\/www.ontariohealthcoalition.ca\/index.php\/wp-json\/wp\/v2\/types\/post"}],"author":[{"embeddable":true,"href":"https:\/\/www.ontariohealthcoalition.ca\/index.php\/wp-json\/wp\/v2\/users\/1"}],"replies":[{"embeddable":true,"href":"https:\/\/www.ontariohealthcoalition.ca\/index.php\/wp-json\/wp\/v2\/comments?post=15447"}],"version-history":[{"count":1,"href":"https:\/\/www.ontariohealthcoalition.ca\/index.php\/wp-json\/wp\/v2\/posts\/15447\/revisions"}],"predecessor-version":[{"id":15448,"href":"https:\/\/www.ontariohealthcoalition.ca\/index.php\/wp-json\/wp\/v2\/posts\/15447\/revisions\/15448"}],"wp:attachment":[{"href":"https:\/\/www.ontariohealthcoalition.ca\/index.php\/wp-json\/wp\/v2\/media?parent=15447"}],"wp:term":[{"taxonomy":"category","embeddable":true,"href":"https:\/\/www.ontariohealthcoalition.ca\/index.php\/wp-json\/wp\/v2\/categories?post=15447"},{"taxonomy":"post_tag","embeddable":true,"href":"https:\/\/www.ontariohealthcoalition.ca\/index.php\/wp-json\/wp\/v2\/tags?post=15447"}],"curies":[{"name":"wp","href":"https:\/\/api.w.org\/{rel}","templated":true}]}}