{"id":18864,"date":"2022-04-06T04:05:09","date_gmt":"2022-04-06T08:05:09","guid":{"rendered":"https:\/\/www.ontariohealthcoalition.ca\/?p=18864"},"modified":"2022-04-18T04:09:02","modified_gmt":"2022-04-18T08:09:02","slug":"covid-19-la-medecin-hygieniste-de-toronto-se-veut-rassurante-mais-prone-le-masque","status":"publish","type":"post","link":"https:\/\/www.ontariohealthcoalition.ca\/index.php\/covid-19-la-medecin-hygieniste-de-toronto-se-veut-rassurante-mais-prone-le-masque\/","title":{"rendered":"COVID-19 : la m\u00e9decin hygi\u00e9niste de Toronto se veut rassurante, mais pr\u00f4ne le masque"},"content":{"rendered":"<p>(April 4, 2022)<\/p>\n<p>By: Stella Dupuy, Radio Canada French<\/p>\n<p><img loading=\"lazy\" decoding=\"async\" class=\"\" src=\"https:\/\/images.radio-canada.ca\/q_auto,w_960\/v1\/ici-info\/16x9\/eileen-de-villa-toronto.png\" alt=\"La m\u00e9decin hygi\u00e9niste de Toronto s'exprime en conf\u00e9rence de presse \u00e0 l'int\u00e9rieur de la station Union.\" width=\"418\" height=\"235\" \/><\/p>\n<p><em>La Dre Eileen de Villa encourage la population \u00e0 porter un masque \u00ab autant que possible \u00bb dans les lieux publics int\u00e9rieurs, m\u00eame si cette mesure n\u2019est plus obligatoire en Ontario.<\/em><\/p>\n<div class=\"lead-container\">\n<p class=\"e-p\">Bon nombre d\u2019experts affirment que l&#8217;Ontario est en pleine sixi\u00e8me vague de COVID-19. Malgr\u00e9 cela, la m\u00e9decin hygi\u00e9niste en chef de Toronto, la Dre\u00a0Eileen de\u00a0Villa, se veut rassurante. Elle estime que la population dispose des outils n\u00e9cessaires, dont les masques, pour traverser la situation sanitaire actuelle. Certaines voix s\u2019\u00e9l\u00e8vent cependant pour exprimer leurs pr\u00e9occupations.<\/p>\n<\/div>\n<section class=\"redactionals document-content-style\">\n<p class=\"e-p\">En conf\u00e9rence de presse lundi, la Dre\u00a0Eileen de\u00a0Villa a invit\u00e9 la population \u00e0 la prudence.\u00a0<q data-attributes=\"{&quot;lang&quot;:{&quot;value&quot;:&quot;fr&quot;,&quot;label&quot;:&quot;Fran\u00e7ais&quot;},&quot;value&quot;:{&quot;html&quot;:&quot;La pand\u00e9mie n\u2019est pas termin\u00e9e, m\u00eame si nous sommes tous fatigu\u00e9s&quot;,&quot;text&quot;:&quot;La pand\u00e9mie n\u2019est pas termin\u00e9e, m\u00eame si nous sommes tous fatigu\u00e9s&quot;}}\"><span lang=\"fr\" title=\"Fran\u00e7ais\">La pand\u00e9mie n\u2019est pas termin\u00e9e, m\u00eame si nous sommes tous fatigu\u00e9s<\/span><\/q>, a-t-elle dit, apr\u00e8s avoir soulign\u00e9 que les diff\u00e9rents indicateurs de sant\u00e9 publique sont \u00e0 la hausse.<\/p>\n<p class=\"e-p\">La m\u00e9decin hygi\u00e9niste a entre autres encourag\u00e9 la population \u00e0 porter un masque\u00a0<q data-attributes=\"{&quot;lang&quot;:{&quot;value&quot;:&quot;fr&quot;,&quot;label&quot;:&quot;Fran\u00e7ais&quot;},&quot;value&quot;:{&quot;html&quot;:&quot;autant que possible&quot;,&quot;text&quot;:&quot;autant que possible&quot;}}\"><span lang=\"fr\" title=\"Fran\u00e7ais\">autant que possible<\/span><\/q>\u00a0dans les lieux publics int\u00e9rieurs, m\u00eame si cette mesure n\u2019est plus obligatoire en Ontario, en raison de l\u2019importante transmission communautaire du virus.<\/p>\n<p class=\"e-p\">Mais, la Dre\u00a0de Villa n\u2019est pas all\u00e9e jusqu&#8217;\u00e0 critiquer les d\u00e9cisions du gouvernement de Doug\u00a0Ford en mati\u00e8re de sant\u00e9 publique.<\/p>\n<p class=\"e-p\"><q data-attributes=\"{&quot;lang&quot;:{&quot;value&quot;:&quot;fr&quot;,&quot;label&quot;:&quot;Fran\u00e7ais&quot;},&quot;value&quot;:{&quot;html&quot;:&quot;Je pense que nous avons les outils et les connaissances n\u00e9cessaires \u00e0 ce stade-ci pour bien traverser la p\u00e9riode actuelle, quelles que soient les d\u00e9cisions prises par la province&quot;,&quot;text&quot;:&quot;Je pense que nous avons les outils et les connaissances n\u00e9cessaires \u00e0 ce stade-ci pour bien traverser la p\u00e9riode actuelle, quelles que soient les d\u00e9cisions prises par la province&quot;}}\"><span lang=\"fr\" title=\"Fran\u00e7ais\">Je pense que nous avons les outils et les connaissances n\u00e9cessaires \u00e0 ce stade-ci pour bien traverser la p\u00e9riode actuelle, quelles que soient les d\u00e9cisions prises par la province<\/span><\/q>, a-t-elle affirm\u00e9.<\/p>\n<blockquote class=\"sc-bBXqnf bGwFiF blockquote\"><p><span class=\"quote left\">\u00ab\u00a0<\/span>Je crois que nous devons demeurer attentifs \u00e0 la situation sanitaire sans nous inqui\u00e9ter, car nous avons des outils pour faire face au virus.<span class=\"quote right\">\u00a0\u00bb<\/span><\/p>\n<footer><span class=\"line\">\u2014\u00a0<\/span><span class=\"hidden-tag\">Une citation de\u00a0<\/span>\u00a0Dre Eileen de Villa, m\u00e9decin hygi\u00e9niste en chef de Toronto<\/footer>\n<\/blockquote>\n<p class=\"e-p\">Outre le port du masque, la Dre\u00a0de\u00a0Villa a tenu \u00e0 rappeler l\u2019importance de\u00a0<q data-attributes=\"{&quot;lang&quot;:{&quot;value&quot;:&quot;fr&quot;,&quot;label&quot;:&quot;Fran\u00e7ais&quot;},&quot;value&quot;:{&quot;html&quot;:&quot;s\u2019isoler en cas de sympt\u00f4mes&quot;,&quot;text&quot;:&quot;s\u2019isoler en cas de sympt\u00f4mes&quot;}}\"><span lang=\"fr\" title=\"Fran\u00e7ais\">s\u2019isoler en cas de sympt\u00f4mes<\/span><\/q>\u00a0et de la vaccination, particuli\u00e8rement des troisi\u00e8mes doses. Toutes ces mesures sont des\u00a0<q data-attributes=\"{&quot;lang&quot;:{&quot;value&quot;:&quot;fr&quot;,&quot;label&quot;:&quot;Fran\u00e7ais&quot;},&quot;value&quot;:{&quot;html&quot;:&quot;couches de protection&quot;,&quot;text&quot;:&quot;couches de protection&quot;}}\"><span lang=\"fr\" title=\"Fran\u00e7ais\">couches de protection<\/span><\/q>, n\u00e9cessaires selon elle.<\/p>\n<h3 class=\"sc-1vaxh1e-1 cGMpiG redactional\">Le gouvernement\u00a0<q data-attributes=\"{&quot;lang&quot;:{&quot;value&quot;:&quot;fr&quot;,&quot;label&quot;:&quot;Fran\u00e7ais&quot;},&quot;value&quot;:{&quot;html&quot;:&quot;n\u2019en fait assez&quot;,&quot;text&quot;:&quot;n\u2019en fait assez&quot;}}\"><span lang=\"fr\" title=\"Fran\u00e7ais\">n\u2019en fait pas assez<\/span><\/q>, selon une association<\/h3>\n<p class=\"e-p\">Mais tous ne sont pas aussi optimistes.<\/p>\n<p class=\"e-p\">La directrice g\u00e9n\u00e9rale de la Coalition ontarienne de la sant\u00e9, Natalie Mehra, se dit\u00a0<q data-attributes=\"{&quot;lang&quot;:{&quot;value&quot;:&quot;fr&quot;,&quot;label&quot;:&quot;Fran\u00e7ais&quot;},&quot;value&quot;:{&quot;html&quot;:&quot;furieuse et inqui\u00e8te&quot;,&quot;text&quot;:&quot;furieuse et inqui\u00e8te&quot;}}\"><span lang=\"fr\" title=\"Fran\u00e7ais\">furieuse et inqui\u00e8te<\/span><\/q>, notamment en raison de la propagation des variants\u00a0<q data-attributes=\"{&quot;lang&quot;:{&quot;value&quot;:&quot;fr&quot;,&quot;label&quot;:&quot;Fran\u00e7ais&quot;},&quot;value&quot;:{&quot;html&quot;:&quot;qui sont tr\u00e8s contagieux&quot;,&quot;text&quot;:&quot;qui sont tr\u00e8s contagieux&quot;}}\"><span lang=\"fr\" title=\"Fran\u00e7ais\">qui sont tr\u00e8s contagieux<\/span><\/q>.<\/p>\n<blockquote class=\"sc-bBXqnf bGwFiF blockquote\"><p><span class=\"quote left\">\u00ab\u00a0<\/span>Je ne pense pas que la population ait assez d\u2019informations pour bien saisir l\u2019ampleur des risques.<span class=\"quote right\">\u00a0\u00bb<\/span><\/p>\n<footer><span class=\"line\">\u2014\u00a0<\/span><span class=\"hidden-tag\">Une citation de\u00a0<\/span>\u00a0Natalie Mehra, directrice g\u00e9n\u00e9rale de la Coalition ontarienne de la sant\u00e9<\/footer>\n<\/blockquote>\n<p class=\"e-p\">Elle d\u00e9nonce entre autres la fin du port obligatoire du masque et le manque d\u2019accessibilit\u00e9 aux tests\u00a0<span class=\"sc-bdfBwQ cIKpxU hidden-tag\">test d&#8217;amplification en cha\u00eene par polym\u00e9rase<\/span><abbr class=\"text\" title=\"test d'amplification en cha\u00eene par polym\u00e9rase\" aria-hidden=\"true\">PCR<\/abbr>\u00a0qui, selon elle, permettraient au public d\u2019avoir une meilleure id\u00e9e de la situation.<\/p>\n<p><img loading=\"lazy\" decoding=\"async\" class=\"\" src=\"https:\/\/images.radio-canada.ca\/q_auto,w_960\/v1\/ici-info\/16x9\/natalie-mehra-coalition-ontario-hospital-syndicat.jpg\" alt=\"Natalie Mehra en entrevue dans un bureau. \" width=\"434\" height=\"244\" \/><\/p>\n<div class=\"picture-attachment-container center\">\n<div class=\"sc-v64krj-2 cwCRRQ e-image-caption\">\n<p class=\"sc-v64krj-0 GcEba\"><em>Natalie Mehra repr\u00e9sente la Coalition ontarienne de la sant\u00e9. (PHOTO: CBC)<\/em><\/p>\n<p class=\"e-p\"><q data-attributes=\"{&quot;lang&quot;:{&quot;value&quot;:&quot;fr&quot;,&quot;label&quot;:&quot;Fran\u00e7ais&quot;},&quot;value&quot;:{&quot;html&quot;:&quot;En fait, les gouvernements laissent les gens \u00e0 eux-m\u00eames. Il ne fournissent pas les informations dont les gens ont besoin pour prendre des d\u00e9cisions \u00e9clair\u00e9es&quot;,&quot;text&quot;:&quot;En fait, les gouvernements laissent les gens \u00e0 eux-m\u00eames. Il ne fournissent pas les informations dont les gens ont besoin pour prendre des d\u00e9cisions \u00e9clair\u00e9es&quot;}}\"><span lang=\"fr\" title=\"Fran\u00e7ais\">En fait, les gouvernements laissent les gens \u00e0 eux-m\u00eames. Ils ne fournissent pas les informations dont les gens ont besoin pour prendre des d\u00e9cisions \u00e9clair\u00e9es<\/span><\/q>, d\u00e9plore-t-elle.<\/p>\n<p class=\"e-p\">La repr\u00e9sentante reproche notamment au gouvernement d\u2019avoir abandonn\u00e9\u00a0<q data-attributes=\"{&quot;lang&quot;:{&quot;value&quot;:&quot;fr&quot;,&quot;label&quot;:&quot;Fran\u00e7ais&quot;},&quot;value&quot;:{&quot;html&quot;:&quot;des mesures sanitaires de base&quot;,&quot;text&quot;:&quot;des mesures sanitaires de base&quot;}}\"><span lang=\"fr\" title=\"Fran\u00e7ais\">des mesures sanitaires de base<\/span><\/q>, comme le port obligatoire du masque. Et elle estime que cette d\u00e9cision met les personnes les plus vuln\u00e9rables en danger.<\/p>\n<h3 class=\"sc-1vaxh1e-1 cGMpiG redactional\">Une d\u00e9cision pr\u00e9cipit\u00e9e, selon un expert<\/h3>\n<p class=\"e-p\">Le Dr\u00a0Hugues Loemba, virologue et clinicien-chercheur \u00e0 l\u2019H\u00f4pital Montfort d\u2019Ottawa, estime pour sa part que la lev\u00e9e des restrictions \u00e9tait h\u00e2tive.<\/p>\n<p class=\"e-p\"><q data-attributes=\"{&quot;lang&quot;:{&quot;value&quot;:&quot;fr&quot;,&quot;label&quot;:&quot;Fran\u00e7ais&quot;},&quot;value&quot;:{&quot;html&quot;:&quot;On est all\u00e9 vite en besogne pour enlever le masque, qui est notre dernier rempart de protection. [...] On laisse le choix \u00e0 tout un chacun de prendre le risque d'exposer quelqu\u2019un d'autre&quot;,&quot;text&quot;:&quot;On est all\u00e9 vite en besogne pour enlever le masque, qui est notre dernier rempart de protection. [...] On laisse le choix \u00e0 tout un chacun de prendre le risque d'exposer quelqu\u2019un d'autre&quot;}}\"><span lang=\"fr\" title=\"Fran\u00e7ais\">On est all\u00e9 vite en besogne pour enlever le masque, qui est notre dernier rempart de protection. [&#8230;] On laisse le choix \u00e0 tout un chacun de prendre le risque d&#8217;exposer quelqu\u2019un d&#8217;autre<\/span><\/q>, affirme-t-il.<\/p>\n<p class=\"e-p\">Le chercheur dit ne pas \u00eatre trop inquiet pour la population en g\u00e9n\u00e9ral, mais il se dit pr\u00e9occup\u00e9 pour les personnes \u00e0 risque et les personnes \u00e2g\u00e9es.<\/p>\n<p class=\"e-p\"><q data-attributes=\"{&quot;lang&quot;:{&quot;value&quot;:&quot;fr&quot;,&quot;label&quot;:&quot;Fran\u00e7ais&quot;},&quot;value&quot;:{&quot;html&quot;:&quot;On est bient\u00f4t en \u00e9lections. Et je sens qu\u2019on est en train de se d\u00e9caler de la sant\u00e9 publique&quot;,&quot;text&quot;:&quot;On est bient\u00f4t en \u00e9lections. Et je sens qu\u2019on est en train de se d\u00e9caler de la sant\u00e9 publique&quot;}}\"><span lang=\"fr\" title=\"Fran\u00e7ais\">On est bient\u00f4t en \u00e9lections. Et je sens qu\u2019on est en train de se d\u00e9caler de la sant\u00e9 publique<\/span><\/q>, conclut-il.<\/p>\n<p class=\"e-p\">Le premier ministre de la province Doug Ford a pour sa part affirm\u00e9 lundi que\u00a0<span style=\"color: #3366ff;\"><a class=\"sc-3o1hzh-0 eYIWnG e-internal-link\" style=\"color: #3366ff;\" title=\"https:\/\/ici.radio-canada.ca\/nouvelle\/1873946\/covid-19-ontario-4-avril-2022-hopitaux-cas-morts\" href=\"https:\/\/ici.radio-canada.ca\/nouvelle\/1873946\/covid-19-ontario-4-avril-2022-hopitaux-cas-morts\" target=\"_self\" rel=\"noopener\">les h\u00f4pitaux sont pr\u00eats pour affronter la hausse des cas de COVID-19<\/a><\/span>.<\/p>\n<p><span style=\"color: #3366ff;\"><a style=\"color: #3366ff;\" href=\"https:\/\/ici.radio-canada.ca\/nouvelle\/1874090\/masque-ontario-lieux-publics-covid-omicron-vague\">Click here for original article<\/a><\/span><\/p>\n<\/div>\n<\/div>\n<\/section>\n","protected":false},"excerpt":{"rendered":"<p>(April 4, 2022) By: Stella Dupuy, Radio Canada French La Dre Eileen de Villa encourage la population \u00e0 porter un masque \u00ab autant que possible \u00bb dans les lieux publics int\u00e9rieurs, m\u00eame si cette mesure n\u2019est plus obligatoire en Ontario. Bon nombre d\u2019experts affirment que l&#8217;Ontario est en pleine sixi\u00e8me vague de COVID-19. Malgr\u00e9 cela, [&hellip;]<\/p>\n","protected":false},"author":1,"featured_media":0,"comment_status":"closed","ping_status":"closed","sticky":false,"template":"","format":"standard","meta":{"footnotes":""},"categories":[21],"tags":[],"class_list":["post-18864","post","type-post","status-publish","format-standard","hentry","category-ohc-in-the-news"],"yoast_head":"<!-- This site is optimized with the Yoast SEO plugin v27.4 - https:\/\/yoast.com\/product\/yoast-seo-wordpress\/ -->\n<title>COVID-19 : la m\u00e9decin hygi\u00e9niste de Toronto se veut rassurante, mais pr\u00f4ne le masque - Ontario Health Coalition<\/title>\n<meta name=\"description\" content=\"(April 4, 2022) By: Stella Dupuy, Radio Canada French La Dre Eileen de Villa encourage la population \u00e0 porter un masque \u00ab autant que possible \u00bb dans les\" \/>\n<meta name=\"robots\" content=\"index, follow, max-snippet:-1, max-image-preview:large, max-video-preview:-1\" \/>\n<link rel=\"canonical\" href=\"https:\/\/www.ontariohealthcoalition.ca\/index.php\/covid-19-la-medecin-hygieniste-de-toronto-se-veut-rassurante-mais-prone-le-masque\/\" \/>\n<meta property=\"og:locale\" content=\"en_US\" \/>\n<meta property=\"og:type\" content=\"article\" \/>\n<meta property=\"og:title\" content=\"COVID-19 : la m\u00e9decin hygi\u00e9niste de Toronto se veut rassurante, mais pr\u00f4ne le masque - Ontario Health Coalition\" \/>\n<meta property=\"og:description\" content=\"(April 4, 2022) By: Stella Dupuy, Radio Canada French La Dre Eileen de Villa encourage la population \u00e0 porter un masque \u00ab autant que possible \u00bb dans les\" \/>\n<meta property=\"og:url\" content=\"https:\/\/www.ontariohealthcoalition.ca\/index.php\/covid-19-la-medecin-hygieniste-de-toronto-se-veut-rassurante-mais-prone-le-masque\/\" \/>\n<meta property=\"og:site_name\" content=\"Ontario Health Coalition\" \/>\n<meta property=\"article:publisher\" content=\"https:\/\/www.facebook.com\/ontariohealth?fref=ts\" \/>\n<meta property=\"article:published_time\" content=\"2022-04-06T08:05:09+00:00\" \/>\n<meta property=\"article:modified_time\" content=\"2022-04-18T08:09:02+00:00\" \/>\n<meta property=\"og:image\" content=\"https:\/\/images.radio-canada.ca\/q_auto,w_960\/v1\/ici-info\/16x9\/eileen-de-villa-toronto.png\" \/>\n<meta name=\"author\" content=\"admin\" \/>\n<meta name=\"twitter:label1\" content=\"Written by\" \/>\n\t<meta name=\"twitter:data1\" content=\"admin\" \/>\n\t<meta name=\"twitter:label2\" content=\"Est. reading time\" \/>\n\t<meta name=\"twitter:data2\" content=\"4 minutes\" \/>\n<script type=\"application\/ld+json\" class=\"yoast-schema-graph\">{\"@context\":\"https:\\\/\\\/schema.org\",\"@graph\":[{\"@type\":\"Article\",\"@id\":\"https:\\\/\\\/www.ontariohealthcoalition.ca\\\/index.php\\\/covid-19-la-medecin-hygieniste-de-toronto-se-veut-rassurante-mais-prone-le-masque\\\/#article\",\"isPartOf\":{\"@id\":\"https:\\\/\\\/www.ontariohealthcoalition.ca\\\/index.php\\\/covid-19-la-medecin-hygieniste-de-toronto-se-veut-rassurante-mais-prone-le-masque\\\/\"},\"author\":{\"name\":\"admin\",\"@id\":\"https:\\\/\\\/www.ontariohealthcoalition.ca\\\/#\\\/schema\\\/person\\\/3bee6583f445dde27b35a7bba61b06b4\"},\"headline\":\"COVID-19 : la m\u00e9decin hygi\u00e9niste de Toronto se veut rassurante, mais pr\u00f4ne le masque\",\"datePublished\":\"2022-04-06T08:05:09+00:00\",\"dateModified\":\"2022-04-18T08:09:02+00:00\",\"mainEntityOfPage\":{\"@id\":\"https:\\\/\\\/www.ontariohealthcoalition.ca\\\/index.php\\\/covid-19-la-medecin-hygieniste-de-toronto-se-veut-rassurante-mais-prone-le-masque\\\/\"},\"wordCount\":717,\"publisher\":{\"@id\":\"https:\\\/\\\/www.ontariohealthcoalition.ca\\\/#organization\"},\"image\":{\"@id\":\"https:\\\/\\\/www.ontariohealthcoalition.ca\\\/index.php\\\/covid-19-la-medecin-hygieniste-de-toronto-se-veut-rassurante-mais-prone-le-masque\\\/#primaryimage\"},\"thumbnailUrl\":\"https:\\\/\\\/images.radio-canada.ca\\\/q_auto,w_960\\\/v1\\\/ici-info\\\/16x9\\\/eileen-de-villa-toronto.png\",\"articleSection\":[\"OHC in the News\"],\"inLanguage\":\"en-US\"},{\"@type\":\"WebPage\",\"@id\":\"https:\\\/\\\/www.ontariohealthcoalition.ca\\\/index.php\\\/covid-19-la-medecin-hygieniste-de-toronto-se-veut-rassurante-mais-prone-le-masque\\\/\",\"url\":\"https:\\\/\\\/www.ontariohealthcoalition.ca\\\/index.php\\\/covid-19-la-medecin-hygieniste-de-toronto-se-veut-rassurante-mais-prone-le-masque\\\/\",\"name\":\"COVID-19 : la m\u00e9decin hygi\u00e9niste de Toronto se veut rassurante, mais pr\u00f4ne le masque - Ontario Health Coalition\",\"isPartOf\":{\"@id\":\"https:\\\/\\\/www.ontariohealthcoalition.ca\\\/#website\"},\"primaryImageOfPage\":{\"@id\":\"https:\\\/\\\/www.ontariohealthcoalition.ca\\\/index.php\\\/covid-19-la-medecin-hygieniste-de-toronto-se-veut-rassurante-mais-prone-le-masque\\\/#primaryimage\"},\"image\":{\"@id\":\"https:\\\/\\\/www.ontariohealthcoalition.ca\\\/index.php\\\/covid-19-la-medecin-hygieniste-de-toronto-se-veut-rassurante-mais-prone-le-masque\\\/#primaryimage\"},\"thumbnailUrl\":\"https:\\\/\\\/images.radio-canada.ca\\\/q_auto,w_960\\\/v1\\\/ici-info\\\/16x9\\\/eileen-de-villa-toronto.png\",\"datePublished\":\"2022-04-06T08:05:09+00:00\",\"dateModified\":\"2022-04-18T08:09:02+00:00\",\"description\":\"(April 4, 2022) By: Stella Dupuy, Radio Canada French La Dre Eileen de Villa encourage la population \u00e0 porter un masque \u00ab autant que possible \u00bb dans les\",\"breadcrumb\":{\"@id\":\"https:\\\/\\\/www.ontariohealthcoalition.ca\\\/index.php\\\/covid-19-la-medecin-hygieniste-de-toronto-se-veut-rassurante-mais-prone-le-masque\\\/#breadcrumb\"},\"inLanguage\":\"en-US\",\"potentialAction\":[{\"@type\":\"ReadAction\",\"target\":[\"https:\\\/\\\/www.ontariohealthcoalition.ca\\\/index.php\\\/covid-19-la-medecin-hygieniste-de-toronto-se-veut-rassurante-mais-prone-le-masque\\\/\"]}]},{\"@type\":\"ImageObject\",\"inLanguage\":\"en-US\",\"@id\":\"https:\\\/\\\/www.ontariohealthcoalition.ca\\\/index.php\\\/covid-19-la-medecin-hygieniste-de-toronto-se-veut-rassurante-mais-prone-le-masque\\\/#primaryimage\",\"url\":\"https:\\\/\\\/images.radio-canada.ca\\\/q_auto,w_960\\\/v1\\\/ici-info\\\/16x9\\\/eileen-de-villa-toronto.png\",\"contentUrl\":\"https:\\\/\\\/images.radio-canada.ca\\\/q_auto,w_960\\\/v1\\\/ici-info\\\/16x9\\\/eileen-de-villa-toronto.png\"},{\"@type\":\"BreadcrumbList\",\"@id\":\"https:\\\/\\\/www.ontariohealthcoalition.ca\\\/index.php\\\/covid-19-la-medecin-hygieniste-de-toronto-se-veut-rassurante-mais-prone-le-masque\\\/#breadcrumb\",\"itemListElement\":[{\"@type\":\"ListItem\",\"position\":1,\"name\":\"Home\",\"item\":\"https:\\\/\\\/www.ontariohealthcoalition.ca\\\/\"},{\"@type\":\"ListItem\",\"position\":2,\"name\":\"COVID-19 : la m\u00e9decin hygi\u00e9niste de Toronto se veut rassurante, mais pr\u00f4ne le masque\"}]},{\"@type\":\"WebSite\",\"@id\":\"https:\\\/\\\/www.ontariohealthcoalition.ca\\\/#website\",\"url\":\"https:\\\/\\\/www.ontariohealthcoalition.ca\\\/\",\"name\":\"Ontario Health Coalition\",\"description\":\"Our primary goal is to protect and improve our public health care system\",\"publisher\":{\"@id\":\"https:\\\/\\\/www.ontariohealthcoalition.ca\\\/#organization\"},\"potentialAction\":[{\"@type\":\"SearchAction\",\"target\":{\"@type\":\"EntryPoint\",\"urlTemplate\":\"https:\\\/\\\/www.ontariohealthcoalition.ca\\\/?s={search_term_string}\"},\"query-input\":{\"@type\":\"PropertyValueSpecification\",\"valueRequired\":true,\"valueName\":\"search_term_string\"}}],\"inLanguage\":\"en-US\"},{\"@type\":\"Organization\",\"@id\":\"https:\\\/\\\/www.ontariohealthcoalition.ca\\\/#organization\",\"name\":\"Ontario Health Coalition\",\"url\":\"https:\\\/\\\/www.ontariohealthcoalition.ca\\\/\",\"logo\":{\"@type\":\"ImageObject\",\"inLanguage\":\"en-US\",\"@id\":\"https:\\\/\\\/www.ontariohealthcoalition.ca\\\/#\\\/schema\\\/logo\\\/image\\\/\",\"url\":\"https:\\\/\\\/www.ontariohealthcoalition.ca\\\/wp-content\\\/uploads\\\/logo_ohc_new-1.png\",\"contentUrl\":\"https:\\\/\\\/www.ontariohealthcoalition.ca\\\/wp-content\\\/uploads\\\/logo_ohc_new-1.png\",\"width\":478,\"height\":240,\"caption\":\"Ontario Health Coalition\"},\"image\":{\"@id\":\"https:\\\/\\\/www.ontariohealthcoalition.ca\\\/#\\\/schema\\\/logo\\\/image\\\/\"},\"sameAs\":[\"https:\\\/\\\/www.facebook.com\\\/ontariohealth?fref=ts\",\"https:\\\/\\\/x.com\\\/OntarioHealthC\",\"https:\\\/\\\/www.instagram.com\\\/ontariohealthcoalition\",\"https:\\\/\\\/www.tiktok.com\\\/@ontariohealthc\",\"https:\\\/\\\/www.youtube.com\\\/channel\\\/UCPy4Erf4xGLZV6CY23xdokw\"]},{\"@type\":\"Person\",\"@id\":\"https:\\\/\\\/www.ontariohealthcoalition.ca\\\/#\\\/schema\\\/person\\\/3bee6583f445dde27b35a7bba61b06b4\",\"name\":\"admin\"}]}<\/script>\n<!-- \/ Yoast SEO plugin. -->","yoast_head_json":{"title":"COVID-19 : la m\u00e9decin hygi\u00e9niste de Toronto se veut rassurante, mais pr\u00f4ne le masque - Ontario Health Coalition","description":"(April 4, 2022) By: Stella Dupuy, Radio Canada French La Dre Eileen de Villa encourage la population \u00e0 porter un masque \u00ab autant que possible \u00bb dans les","robots":{"index":"index","follow":"follow","max-snippet":"max-snippet:-1","max-image-preview":"max-image-preview:large","max-video-preview":"max-video-preview:-1"},"canonical":"https:\/\/www.ontariohealthcoalition.ca\/index.php\/covid-19-la-medecin-hygieniste-de-toronto-se-veut-rassurante-mais-prone-le-masque\/","og_locale":"en_US","og_type":"article","og_title":"COVID-19 : la m\u00e9decin hygi\u00e9niste de Toronto se veut rassurante, mais pr\u00f4ne le masque - Ontario Health Coalition","og_description":"(April 4, 2022) By: Stella Dupuy, Radio Canada French La Dre Eileen de Villa encourage la population \u00e0 porter un masque \u00ab autant que possible \u00bb dans les","og_url":"https:\/\/www.ontariohealthcoalition.ca\/index.php\/covid-19-la-medecin-hygieniste-de-toronto-se-veut-rassurante-mais-prone-le-masque\/","og_site_name":"Ontario Health Coalition","article_publisher":"https:\/\/www.facebook.com\/ontariohealth?fref=ts","article_published_time":"2022-04-06T08:05:09+00:00","article_modified_time":"2022-04-18T08:09:02+00:00","og_image":[{"url":"https:\/\/images.radio-canada.ca\/q_auto,w_960\/v1\/ici-info\/16x9\/eileen-de-villa-toronto.png","type":"","width":"","height":""}],"author":"admin","twitter_misc":{"Written by":"admin","Est. reading time":"4 minutes"},"schema":{"@context":"https:\/\/schema.org","@graph":[{"@type":"Article","@id":"https:\/\/www.ontariohealthcoalition.ca\/index.php\/covid-19-la-medecin-hygieniste-de-toronto-se-veut-rassurante-mais-prone-le-masque\/#article","isPartOf":{"@id":"https:\/\/www.ontariohealthcoalition.ca\/index.php\/covid-19-la-medecin-hygieniste-de-toronto-se-veut-rassurante-mais-prone-le-masque\/"},"author":{"name":"admin","@id":"https:\/\/www.ontariohealthcoalition.ca\/#\/schema\/person\/3bee6583f445dde27b35a7bba61b06b4"},"headline":"COVID-19 : la m\u00e9decin hygi\u00e9niste de Toronto se veut rassurante, mais pr\u00f4ne le masque","datePublished":"2022-04-06T08:05:09+00:00","dateModified":"2022-04-18T08:09:02+00:00","mainEntityOfPage":{"@id":"https:\/\/www.ontariohealthcoalition.ca\/index.php\/covid-19-la-medecin-hygieniste-de-toronto-se-veut-rassurante-mais-prone-le-masque\/"},"wordCount":717,"publisher":{"@id":"https:\/\/www.ontariohealthcoalition.ca\/#organization"},"image":{"@id":"https:\/\/www.ontariohealthcoalition.ca\/index.php\/covid-19-la-medecin-hygieniste-de-toronto-se-veut-rassurante-mais-prone-le-masque\/#primaryimage"},"thumbnailUrl":"https:\/\/images.radio-canada.ca\/q_auto,w_960\/v1\/ici-info\/16x9\/eileen-de-villa-toronto.png","articleSection":["OHC in the News"],"inLanguage":"en-US"},{"@type":"WebPage","@id":"https:\/\/www.ontariohealthcoalition.ca\/index.php\/covid-19-la-medecin-hygieniste-de-toronto-se-veut-rassurante-mais-prone-le-masque\/","url":"https:\/\/www.ontariohealthcoalition.ca\/index.php\/covid-19-la-medecin-hygieniste-de-toronto-se-veut-rassurante-mais-prone-le-masque\/","name":"COVID-19 : la m\u00e9decin hygi\u00e9niste de Toronto se veut rassurante, mais pr\u00f4ne le masque - Ontario Health Coalition","isPartOf":{"@id":"https:\/\/www.ontariohealthcoalition.ca\/#website"},"primaryImageOfPage":{"@id":"https:\/\/www.ontariohealthcoalition.ca\/index.php\/covid-19-la-medecin-hygieniste-de-toronto-se-veut-rassurante-mais-prone-le-masque\/#primaryimage"},"image":{"@id":"https:\/\/www.ontariohealthcoalition.ca\/index.php\/covid-19-la-medecin-hygieniste-de-toronto-se-veut-rassurante-mais-prone-le-masque\/#primaryimage"},"thumbnailUrl":"https:\/\/images.radio-canada.ca\/q_auto,w_960\/v1\/ici-info\/16x9\/eileen-de-villa-toronto.png","datePublished":"2022-04-06T08:05:09+00:00","dateModified":"2022-04-18T08:09:02+00:00","description":"(April 4, 2022) By: Stella Dupuy, Radio Canada French La Dre Eileen de Villa encourage la population \u00e0 porter un masque \u00ab autant que possible \u00bb dans les","breadcrumb":{"@id":"https:\/\/www.ontariohealthcoalition.ca\/index.php\/covid-19-la-medecin-hygieniste-de-toronto-se-veut-rassurante-mais-prone-le-masque\/#breadcrumb"},"inLanguage":"en-US","potentialAction":[{"@type":"ReadAction","target":["https:\/\/www.ontariohealthcoalition.ca\/index.php\/covid-19-la-medecin-hygieniste-de-toronto-se-veut-rassurante-mais-prone-le-masque\/"]}]},{"@type":"ImageObject","inLanguage":"en-US","@id":"https:\/\/www.ontariohealthcoalition.ca\/index.php\/covid-19-la-medecin-hygieniste-de-toronto-se-veut-rassurante-mais-prone-le-masque\/#primaryimage","url":"https:\/\/images.radio-canada.ca\/q_auto,w_960\/v1\/ici-info\/16x9\/eileen-de-villa-toronto.png","contentUrl":"https:\/\/images.radio-canada.ca\/q_auto,w_960\/v1\/ici-info\/16x9\/eileen-de-villa-toronto.png"},{"@type":"BreadcrumbList","@id":"https:\/\/www.ontariohealthcoalition.ca\/index.php\/covid-19-la-medecin-hygieniste-de-toronto-se-veut-rassurante-mais-prone-le-masque\/#breadcrumb","itemListElement":[{"@type":"ListItem","position":1,"name":"Home","item":"https:\/\/www.ontariohealthcoalition.ca\/"},{"@type":"ListItem","position":2,"name":"COVID-19 : la m\u00e9decin hygi\u00e9niste de Toronto se veut rassurante, mais pr\u00f4ne le masque"}]},{"@type":"WebSite","@id":"https:\/\/www.ontariohealthcoalition.ca\/#website","url":"https:\/\/www.ontariohealthcoalition.ca\/","name":"Ontario Health Coalition","description":"Our primary goal is to protect and improve our public health care system","publisher":{"@id":"https:\/\/www.ontariohealthcoalition.ca\/#organization"},"potentialAction":[{"@type":"SearchAction","target":{"@type":"EntryPoint","urlTemplate":"https:\/\/www.ontariohealthcoalition.ca\/?s={search_term_string}"},"query-input":{"@type":"PropertyValueSpecification","valueRequired":true,"valueName":"search_term_string"}}],"inLanguage":"en-US"},{"@type":"Organization","@id":"https:\/\/www.ontariohealthcoalition.ca\/#organization","name":"Ontario Health Coalition","url":"https:\/\/www.ontariohealthcoalition.ca\/","logo":{"@type":"ImageObject","inLanguage":"en-US","@id":"https:\/\/www.ontariohealthcoalition.ca\/#\/schema\/logo\/image\/","url":"https:\/\/www.ontariohealthcoalition.ca\/wp-content\/uploads\/logo_ohc_new-1.png","contentUrl":"https:\/\/www.ontariohealthcoalition.ca\/wp-content\/uploads\/logo_ohc_new-1.png","width":478,"height":240,"caption":"Ontario Health Coalition"},"image":{"@id":"https:\/\/www.ontariohealthcoalition.ca\/#\/schema\/logo\/image\/"},"sameAs":["https:\/\/www.facebook.com\/ontariohealth?fref=ts","https:\/\/x.com\/OntarioHealthC","https:\/\/www.instagram.com\/ontariohealthcoalition","https:\/\/www.tiktok.com\/@ontariohealthc","https:\/\/www.youtube.com\/channel\/UCPy4Erf4xGLZV6CY23xdokw"]},{"@type":"Person","@id":"https:\/\/www.ontariohealthcoalition.ca\/#\/schema\/person\/3bee6583f445dde27b35a7bba61b06b4","name":"admin"}]}},"_links":{"self":[{"href":"https:\/\/www.ontariohealthcoalition.ca\/index.php\/wp-json\/wp\/v2\/posts\/18864","targetHints":{"allow":["GET"]}}],"collection":[{"href":"https:\/\/www.ontariohealthcoalition.ca\/index.php\/wp-json\/wp\/v2\/posts"}],"about":[{"href":"https:\/\/www.ontariohealthcoalition.ca\/index.php\/wp-json\/wp\/v2\/types\/post"}],"author":[{"embeddable":true,"href":"https:\/\/www.ontariohealthcoalition.ca\/index.php\/wp-json\/wp\/v2\/users\/1"}],"replies":[{"embeddable":true,"href":"https:\/\/www.ontariohealthcoalition.ca\/index.php\/wp-json\/wp\/v2\/comments?post=18864"}],"version-history":[{"count":1,"href":"https:\/\/www.ontariohealthcoalition.ca\/index.php\/wp-json\/wp\/v2\/posts\/18864\/revisions"}],"predecessor-version":[{"id":18865,"href":"https:\/\/www.ontariohealthcoalition.ca\/index.php\/wp-json\/wp\/v2\/posts\/18864\/revisions\/18865"}],"wp:attachment":[{"href":"https:\/\/www.ontariohealthcoalition.ca\/index.php\/wp-json\/wp\/v2\/media?parent=18864"}],"wp:term":[{"taxonomy":"category","embeddable":true,"href":"https:\/\/www.ontariohealthcoalition.ca\/index.php\/wp-json\/wp\/v2\/categories?post=18864"},{"taxonomy":"post_tag","embeddable":true,"href":"https:\/\/www.ontariohealthcoalition.ca\/index.php\/wp-json\/wp\/v2\/tags?post=18864"}],"curies":[{"name":"wp","href":"https:\/\/api.w.org\/{rel}","templated":true}]}}