{"id":19402,"date":"2022-09-01T16:54:22","date_gmt":"2022-09-01T20:54:22","guid":{"rendered":"https:\/\/www.ontariohealthcoalition.ca\/?p=19402"},"modified":"2022-09-17T16:56:46","modified_gmt":"2022-09-17T20:56:46","slug":"aines-lontario-adopte-le-controverse-projet-de-loi-7","status":"publish","type":"post","link":"https:\/\/www.ontariohealthcoalition.ca\/index.php\/aines-lontario-adopte-le-controverse-projet-de-loi-7\/","title":{"rendered":"A\u00een\u00e9s : l\u2019Ontario adopte le controvers\u00e9 projet de loi 7"},"content":{"rendered":"<p><span style=\"font-weight: 400;\">(August 31, 2022)<\/span><\/p>\n<p><span style=\"font-weight: 400;\">By: Radio Canada<\/span><\/p>\n<p><span style=\"font-weight: 400;\">Le gouvernement de Doug Ford a adopt\u00e9 mercredi son projet de loi sur les soins de longue dur\u00e9e, malgr\u00e9 les r\u00e9criminations des partis d&#8217;opposition et de groupes de d\u00e9fense des a\u00een\u00e9s.<\/span><\/p>\n<p><span style=\"font-weight: 400;\">En vertu de la nouvelle l\u00e9gislation, des patients \u00e2g\u00e9s jug\u00e9s aptes \u00e0 quitter l&#8217;h\u00f4pital peuvent \u00eatre transf\u00e9r\u00e9s temporairement, contre leur gr\u00e9, dans un centre de soins de longue dur\u00e9e qu&#8217;ils n&#8217;ont pas choisi.<\/span><\/p>\n<p><span style=\"font-weight: 400;\">La loi ne dit pas explicitement que ces patients peuvent y \u00eatre contraints physiquement. Toutefois, il n&#8217;est pas pr\u00e9cis\u00e9 ce qui arrivera s&#8217;ils refusent.<\/span><\/p>\n<p><span style=\"font-weight: 400;\">Le ministre des Soins de longue dur\u00e9e de l&#8217;Ontario, Paul Calandra, a affirm\u00e9 que les patients qui refusaient un transfert devraient payer la note, sans dire \u00e0 combien elle s&#8217;\u00e9l\u00e8verait.<\/span><\/p>\n<p><span style=\"font-weight: 400;\">Le premier ministre Doug Ford a assur\u00e9 mardi que ces patients <\/span><a href=\"https:\/\/ici.radio-canada.ca\/nouvelle\/1909318\/consentement-plein-prix-doug-ford-projet-de-loi-7\"><span style=\"font-weight: 400;\">obtiendront un rabais<\/span><\/a><span style=\"font-weight: 400;\">, sans donner de d\u00e9tails. Le taux actuel peut atteindre 1800\u00a0$ par jour. M.\u00a0Ford a qualifi\u00e9 cette somme de \u00ab\u00a0compl\u00e8tement ridicule\u00a0\u00bb.<\/span><\/p>\n<p><span style=\"font-weight: 400;\">Plus de d\u00e9tails doivent \u00eatre communiqu\u00e9s la semaine prochaine, dit la province.<\/span><\/p>\n<p><span style=\"font-weight: 400;\">Les progressistes-conservateurs soutiennent que le transfert d&#8217;a\u00een\u00e9s est n\u00e9cessaire pour aider \u00e0 d\u00e9sengorger les h\u00f4pitaux. Des urgences de nombreux h\u00f4pitaux ont \u00e9t\u00e9 ferm\u00e9es pendant des heures, voire des jours, au cours des derniers mois en raison de d\u00e9bordements.<\/span><\/p>\n<p><span style=\"font-weight: 400;\">Le gouvernement n&#8217;a pas tenu de consultations publiques sur le projet de loi\u00a07, afin qu&#8217;il soit adopt\u00e9 rapidement.<\/span><\/p>\n<p><span style=\"font-weight: 400;\">On veut juste que ces patients soient dans un environnement ad\u00e9quat qui est meilleur pour eux, a affirm\u00e9 mardi le premier ministre Ford.<\/span><\/p>\n<p><span style=\"font-weight: 400;\">Selon le gouvernement, environ 6000\u00a0patients a\u00een\u00e9s actuellement \u00e0 l&#8217;h\u00f4pital sont aptes \u00e0 \u00eatre transf\u00e9r\u00e9s. Environ 1800\u00a0d&#8217;entre eux sont d\u00e9j\u00e0 sur une liste d&#8217;attente pour un foyer pour a\u00een\u00e9s, indique la province.<\/span><\/p>\n<p><span style=\"font-weight: 400;\">Avant l&#8217;adoption du projet de loi\u00a07, les h\u00f4pitaux ontariens avaient le droit de facturer des frais de 62\u00a0$ par jour aux patients a\u00een\u00e9s qui refusaient d&#8217;\u00eatre transf\u00e9r\u00e9s dans un \u00e9tablissement de soins de longue dur\u00e9e.<\/span><\/p>\n<p><b>Une loi \u00ab\u00a0cruelle\u00a0\u00bb<\/b><\/p>\n<p><span style=\"font-weight: 400;\">Le NPD promet de continuer \u00e0 se battre contre la nouvelle loi, la qualifiant de plan cruel pour facturer des frais et intimider les gens [afin de les forcer \u00e0 aller] dans des centres de soins de longue dur\u00e9e o\u00f9 ils ne veulent pas aller.<\/span><\/p>\n<p><span style=\"font-weight: 400;\">C&#8217;est une journ\u00e9e terrible pour des milliers d&#8217;Ontariens et leurs proches, affirme le chef int\u00e9rimaire du NPD, Peter Tabuns. Pensez \u00e0 ce que ressentent les membres des familles assis \u00e0 l&#8217;h\u00f4pital pr\u00e8s du lit de leur p\u00e8re ou grand-m\u00e8re [&#8230;] qui ont peur de recevoir un appel leur disant que leur proche sera transf\u00e9r\u00e9 dans un foyer pour a\u00een\u00e9s contre leur gr\u00e9.<\/span><\/p>\n<p><img decoding=\"async\" src=\"https:\/\/images.radio-canada.ca\/q_auto,w_960\/v1\/ici-info\/16x9\/peter-tabuns-chef-interimaire-npd.JPG\" alt=\"Le chef int\u00e9rimaire du NPD, Peter Tabuns, en m\u00eal\u00e9e de presse.\" \/><\/p>\n<p><i><span style=\"font-weight: 400;\">Le chef int\u00e9rimaire du NPD, Peter Tabuns (Archives)<\/span><\/i><\/p>\n<p><i><span style=\"font-weight: 400;\">Photo\u00a0:\u00a0La Presse canadienne \/ Michelle Siu<\/span><\/i><\/p>\n<p><span style=\"font-weight: 400;\">Tabuns dit qu&#8217;il s&#8217;agit d&#8217;une mesure \u00ab\u00a0inhumaine\u00a0\u00bb qui ne r\u00e8gle en rien, selon lui, le probl\u00e8me des fermetures d&#8217;urgences.<\/span><\/p>\n<p><span style=\"font-weight: 400;\">Le chef du Parti vert, Mike Schreiner, soutient pour sa part que le projet de loi n&#8217;aurait jamais d\u00fb \u00eatre adopt\u00e9 sans un examen public appropri\u00e9.<\/span><\/p>\n<p><span style=\"font-weight: 400;\">Dans une d\u00e9mocratie, le gouvernement a la responsabilit\u00e9 d&#8217;\u00e9couter et de r\u00e9pondre aux pr\u00e9occupations des gens sur la place publique, l\u00e0 o\u00f9 il peut \u00eatre tenu responsable de ses d\u00e9cisions, a-t-il rappel\u00e9.\u00a0Aujourd&#8217;hui, le gouvernement Ford a abdiqu\u00e9 cette responsabilit\u00e9.<\/span><\/p>\n<p><span style=\"font-weight: 400;\">La professeure Manon Lemonde, de l\u2019Universit\u00e9 Ontario Tech, a d&#8217;abord \u00e9t\u00e9 \u00e9tonn\u00e9e quand le gouvernement a pr\u00e9sent\u00e9 son projet de loi. C&#8217;\u00e9tait un peu soudain.<\/span><\/p>\n<p><span style=\"font-weight: 400;\">Elle consid\u00e8re toutefois que l&#8217;h\u00f4pital n&#8217;est pas le meilleur endroit o\u00f9 r\u00e9cup\u00e9rer pour une personne \u00e2g\u00e9e.<\/span><\/p>\n<p><span style=\"font-weight: 400;\">Ils sont dans un milieu o\u00f9 il n&#8217;y a pas de stimulation, observe-t-elle. Je trouve que le s\u00e9jour \u00e0 l&#8217;h\u00f4pital devient un peu destructif pour leur sant\u00e9 mentale et l&#8217;aspect cognitif.<\/span><\/p>\n<p><span style=\"font-weight: 400;\">Des organisations ont demand\u00e9 \u00e0 la Commission ontarienne des droits de la personne d&#8217;utiliser ses pouvoirs pour \u00ab\u00a0enqu\u00eater sur la discrimination syst\u00e9mique fond\u00e9e sur l&#8217;\u00e2ge\u00a0\u00bb.<\/span><\/p>\n<p><span style=\"font-weight: 400;\">La directrice g\u00e9n\u00e9rale de la Coalition ontarienne de la sant\u00e9, Natalie Mehra, estime que les personnes \u00e2g\u00e9es fragiles sont cibl\u00e9es par le gouvernement, qui leur retire le droit au consentement.<\/span><\/p>\n<p><span style=\"font-weight: 400;\">Les patients \u00e2g\u00e9s ne prennent pas plus de ressources ind\u00fbment que les autres patients, a-t-elle affirm\u00e9 dans un communiqu\u00e9. Selon elle, il s\u2019agit d\u2019\u00e2gisme pur et simple. Elle presse la Commission d\u2019agir.<\/span><\/p>\n<p><a href=\"https:\/\/ici.radio-canada.ca\/nouvelle\/1909525\/hopitaux-foyers-longue-duree-loi-7-ontario?isAutoPlay=1\"><span style=\"font-weight: 400;\">Click here for original article<\/span><\/a><\/p>\n","protected":false},"excerpt":{"rendered":"<p>(August 31, 2022) By: Radio Canada Le gouvernement de Doug Ford a adopt\u00e9 mercredi son projet de loi sur les soins de longue dur\u00e9e, malgr\u00e9 les r\u00e9criminations des partis d&#8217;opposition et de groupes de d\u00e9fense des a\u00een\u00e9s. En vertu de la nouvelle l\u00e9gislation, des patients \u00e2g\u00e9s jug\u00e9s aptes \u00e0 quitter l&#8217;h\u00f4pital peuvent \u00eatre transf\u00e9r\u00e9s temporairement, [&hellip;]<\/p>\n","protected":false},"author":1,"featured_media":0,"comment_status":"closed","ping_status":"closed","sticky":false,"template":"","format":"standard","meta":{"footnotes":""},"categories":[21],"tags":[],"class_list":["post-19402","post","type-post","status-publish","format-standard","hentry","category-ohc-in-the-news"],"yoast_head":"<!-- This site is optimized with the Yoast SEO plugin v27.5 - https:\/\/yoast.com\/product\/yoast-seo-wordpress\/ -->\n<title>A\u00een\u00e9s : l\u2019Ontario adopte le controvers\u00e9 projet de loi 7 - Ontario Health Coalition<\/title>\n<meta name=\"description\" content=\"(August 31, 2022) By: Radio Canada Le gouvernement de Doug Ford a adopt\u00e9 mercredi son projet de loi sur les soins de longue dur\u00e9e, malgr\u00e9 les\" \/>\n<meta name=\"robots\" content=\"index, follow, max-snippet:-1, max-image-preview:large, max-video-preview:-1\" \/>\n<link rel=\"canonical\" href=\"https:\/\/www.ontariohealthcoalition.ca\/index.php\/aines-lontario-adopte-le-controverse-projet-de-loi-7\/\" \/>\n<meta property=\"og:locale\" content=\"en_US\" \/>\n<meta property=\"og:type\" content=\"article\" \/>\n<meta property=\"og:title\" content=\"A\u00een\u00e9s : l\u2019Ontario adopte le controvers\u00e9 projet de loi 7 - Ontario Health Coalition\" \/>\n<meta property=\"og:description\" content=\"(August 31, 2022) By: Radio Canada Le gouvernement de Doug Ford a adopt\u00e9 mercredi son projet de loi sur les soins de longue dur\u00e9e, malgr\u00e9 les\" \/>\n<meta property=\"og:url\" content=\"https:\/\/www.ontariohealthcoalition.ca\/index.php\/aines-lontario-adopte-le-controverse-projet-de-loi-7\/\" \/>\n<meta property=\"og:site_name\" content=\"Ontario Health Coalition\" \/>\n<meta property=\"article:publisher\" content=\"https:\/\/www.facebook.com\/ontariohealth?fref=ts\" \/>\n<meta property=\"article:published_time\" content=\"2022-09-01T20:54:22+00:00\" \/>\n<meta property=\"article:modified_time\" content=\"2022-09-17T20:56:46+00:00\" \/>\n<meta property=\"og:image\" content=\"https:\/\/images.radio-canada.ca\/q_auto,w_960\/v1\/ici-info\/16x9\/peter-tabuns-chef-interimaire-npd.JPG\" \/>\n<meta name=\"author\" content=\"admin\" \/>\n<meta name=\"twitter:label1\" content=\"Written by\" \/>\n\t<meta name=\"twitter:data1\" content=\"admin\" \/>\n\t<meta name=\"twitter:label2\" content=\"Est. reading time\" \/>\n\t<meta name=\"twitter:data2\" content=\"4 minutes\" \/>\n<script type=\"application\/ld+json\" class=\"yoast-schema-graph\">{\"@context\":\"https:\\\/\\\/schema.org\",\"@graph\":[{\"@type\":\"Article\",\"@id\":\"https:\\\/\\\/www.ontariohealthcoalition.ca\\\/index.php\\\/aines-lontario-adopte-le-controverse-projet-de-loi-7\\\/#article\",\"isPartOf\":{\"@id\":\"https:\\\/\\\/www.ontariohealthcoalition.ca\\\/index.php\\\/aines-lontario-adopte-le-controverse-projet-de-loi-7\\\/\"},\"author\":{\"name\":\"admin\",\"@id\":\"https:\\\/\\\/www.ontariohealthcoalition.ca\\\/#\\\/schema\\\/person\\\/3bee6583f445dde27b35a7bba61b06b4\"},\"headline\":\"A\u00een\u00e9s : l\u2019Ontario adopte le controvers\u00e9 projet de loi 7\",\"datePublished\":\"2022-09-01T20:54:22+00:00\",\"dateModified\":\"2022-09-17T20:56:46+00:00\",\"mainEntityOfPage\":{\"@id\":\"https:\\\/\\\/www.ontariohealthcoalition.ca\\\/index.php\\\/aines-lontario-adopte-le-controverse-projet-de-loi-7\\\/\"},\"wordCount\":800,\"publisher\":{\"@id\":\"https:\\\/\\\/www.ontariohealthcoalition.ca\\\/#organization\"},\"image\":{\"@id\":\"https:\\\/\\\/www.ontariohealthcoalition.ca\\\/index.php\\\/aines-lontario-adopte-le-controverse-projet-de-loi-7\\\/#primaryimage\"},\"thumbnailUrl\":\"https:\\\/\\\/images.radio-canada.ca\\\/q_auto,w_960\\\/v1\\\/ici-info\\\/16x9\\\/peter-tabuns-chef-interimaire-npd.JPG\",\"articleSection\":[\"OHC in the News\"],\"inLanguage\":\"en-US\"},{\"@type\":\"WebPage\",\"@id\":\"https:\\\/\\\/www.ontariohealthcoalition.ca\\\/index.php\\\/aines-lontario-adopte-le-controverse-projet-de-loi-7\\\/\",\"url\":\"https:\\\/\\\/www.ontariohealthcoalition.ca\\\/index.php\\\/aines-lontario-adopte-le-controverse-projet-de-loi-7\\\/\",\"name\":\"A\u00een\u00e9s : l\u2019Ontario adopte le controvers\u00e9 projet de loi 7 - Ontario Health Coalition\",\"isPartOf\":{\"@id\":\"https:\\\/\\\/www.ontariohealthcoalition.ca\\\/#website\"},\"primaryImageOfPage\":{\"@id\":\"https:\\\/\\\/www.ontariohealthcoalition.ca\\\/index.php\\\/aines-lontario-adopte-le-controverse-projet-de-loi-7\\\/#primaryimage\"},\"image\":{\"@id\":\"https:\\\/\\\/www.ontariohealthcoalition.ca\\\/index.php\\\/aines-lontario-adopte-le-controverse-projet-de-loi-7\\\/#primaryimage\"},\"thumbnailUrl\":\"https:\\\/\\\/images.radio-canada.ca\\\/q_auto,w_960\\\/v1\\\/ici-info\\\/16x9\\\/peter-tabuns-chef-interimaire-npd.JPG\",\"datePublished\":\"2022-09-01T20:54:22+00:00\",\"dateModified\":\"2022-09-17T20:56:46+00:00\",\"description\":\"(August 31, 2022) By: Radio Canada Le gouvernement de Doug Ford a adopt\u00e9 mercredi son projet de loi sur les soins de longue dur\u00e9e, malgr\u00e9 les\",\"breadcrumb\":{\"@id\":\"https:\\\/\\\/www.ontariohealthcoalition.ca\\\/index.php\\\/aines-lontario-adopte-le-controverse-projet-de-loi-7\\\/#breadcrumb\"},\"inLanguage\":\"en-US\",\"potentialAction\":[{\"@type\":\"ReadAction\",\"target\":[\"https:\\\/\\\/www.ontariohealthcoalition.ca\\\/index.php\\\/aines-lontario-adopte-le-controverse-projet-de-loi-7\\\/\"]}]},{\"@type\":\"ImageObject\",\"inLanguage\":\"en-US\",\"@id\":\"https:\\\/\\\/www.ontariohealthcoalition.ca\\\/index.php\\\/aines-lontario-adopte-le-controverse-projet-de-loi-7\\\/#primaryimage\",\"url\":\"https:\\\/\\\/images.radio-canada.ca\\\/q_auto,w_960\\\/v1\\\/ici-info\\\/16x9\\\/peter-tabuns-chef-interimaire-npd.JPG\",\"contentUrl\":\"https:\\\/\\\/images.radio-canada.ca\\\/q_auto,w_960\\\/v1\\\/ici-info\\\/16x9\\\/peter-tabuns-chef-interimaire-npd.JPG\"},{\"@type\":\"BreadcrumbList\",\"@id\":\"https:\\\/\\\/www.ontariohealthcoalition.ca\\\/index.php\\\/aines-lontario-adopte-le-controverse-projet-de-loi-7\\\/#breadcrumb\",\"itemListElement\":[{\"@type\":\"ListItem\",\"position\":1,\"name\":\"Home\",\"item\":\"https:\\\/\\\/www.ontariohealthcoalition.ca\\\/\"},{\"@type\":\"ListItem\",\"position\":2,\"name\":\"A\u00een\u00e9s : l\u2019Ontario adopte le controvers\u00e9 projet de loi 7\"}]},{\"@type\":\"WebSite\",\"@id\":\"https:\\\/\\\/www.ontariohealthcoalition.ca\\\/#website\",\"url\":\"https:\\\/\\\/www.ontariohealthcoalition.ca\\\/\",\"name\":\"Ontario Health Coalition\",\"description\":\"Our primary goal is to protect and improve our public health care system\",\"publisher\":{\"@id\":\"https:\\\/\\\/www.ontariohealthcoalition.ca\\\/#organization\"},\"potentialAction\":[{\"@type\":\"SearchAction\",\"target\":{\"@type\":\"EntryPoint\",\"urlTemplate\":\"https:\\\/\\\/www.ontariohealthcoalition.ca\\\/?s={search_term_string}\"},\"query-input\":{\"@type\":\"PropertyValueSpecification\",\"valueRequired\":true,\"valueName\":\"search_term_string\"}}],\"inLanguage\":\"en-US\"},{\"@type\":\"Organization\",\"@id\":\"https:\\\/\\\/www.ontariohealthcoalition.ca\\\/#organization\",\"name\":\"Ontario Health Coalition\",\"url\":\"https:\\\/\\\/www.ontariohealthcoalition.ca\\\/\",\"logo\":{\"@type\":\"ImageObject\",\"inLanguage\":\"en-US\",\"@id\":\"https:\\\/\\\/www.ontariohealthcoalition.ca\\\/#\\\/schema\\\/logo\\\/image\\\/\",\"url\":\"https:\\\/\\\/www.ontariohealthcoalition.ca\\\/wp-content\\\/uploads\\\/logo_ohc_new-1.png\",\"contentUrl\":\"https:\\\/\\\/www.ontariohealthcoalition.ca\\\/wp-content\\\/uploads\\\/logo_ohc_new-1.png\",\"width\":478,\"height\":240,\"caption\":\"Ontario Health Coalition\"},\"image\":{\"@id\":\"https:\\\/\\\/www.ontariohealthcoalition.ca\\\/#\\\/schema\\\/logo\\\/image\\\/\"},\"sameAs\":[\"https:\\\/\\\/www.facebook.com\\\/ontariohealth?fref=ts\",\"https:\\\/\\\/x.com\\\/OntarioHealthC\",\"https:\\\/\\\/www.instagram.com\\\/ontariohealthcoalition\",\"https:\\\/\\\/www.tiktok.com\\\/@ontariohealthc\",\"https:\\\/\\\/www.youtube.com\\\/channel\\\/UCPy4Erf4xGLZV6CY23xdokw\"]},{\"@type\":\"Person\",\"@id\":\"https:\\\/\\\/www.ontariohealthcoalition.ca\\\/#\\\/schema\\\/person\\\/3bee6583f445dde27b35a7bba61b06b4\",\"name\":\"admin\"}]}<\/script>\n<!-- \/ Yoast SEO plugin. -->","yoast_head_json":{"title":"A\u00een\u00e9s : l\u2019Ontario adopte le controvers\u00e9 projet de loi 7 - Ontario Health Coalition","description":"(August 31, 2022) By: Radio Canada Le gouvernement de Doug Ford a adopt\u00e9 mercredi son projet de loi sur les soins de longue dur\u00e9e, malgr\u00e9 les","robots":{"index":"index","follow":"follow","max-snippet":"max-snippet:-1","max-image-preview":"max-image-preview:large","max-video-preview":"max-video-preview:-1"},"canonical":"https:\/\/www.ontariohealthcoalition.ca\/index.php\/aines-lontario-adopte-le-controverse-projet-de-loi-7\/","og_locale":"en_US","og_type":"article","og_title":"A\u00een\u00e9s : l\u2019Ontario adopte le controvers\u00e9 projet de loi 7 - Ontario Health Coalition","og_description":"(August 31, 2022) By: Radio Canada Le gouvernement de Doug Ford a adopt\u00e9 mercredi son projet de loi sur les soins de longue dur\u00e9e, malgr\u00e9 les","og_url":"https:\/\/www.ontariohealthcoalition.ca\/index.php\/aines-lontario-adopte-le-controverse-projet-de-loi-7\/","og_site_name":"Ontario Health Coalition","article_publisher":"https:\/\/www.facebook.com\/ontariohealth?fref=ts","article_published_time":"2022-09-01T20:54:22+00:00","article_modified_time":"2022-09-17T20:56:46+00:00","og_image":[{"url":"https:\/\/images.radio-canada.ca\/q_auto,w_960\/v1\/ici-info\/16x9\/peter-tabuns-chef-interimaire-npd.JPG","type":"","width":"","height":""}],"author":"admin","twitter_misc":{"Written by":"admin","Est. reading time":"4 minutes"},"schema":{"@context":"https:\/\/schema.org","@graph":[{"@type":"Article","@id":"https:\/\/www.ontariohealthcoalition.ca\/index.php\/aines-lontario-adopte-le-controverse-projet-de-loi-7\/#article","isPartOf":{"@id":"https:\/\/www.ontariohealthcoalition.ca\/index.php\/aines-lontario-adopte-le-controverse-projet-de-loi-7\/"},"author":{"name":"admin","@id":"https:\/\/www.ontariohealthcoalition.ca\/#\/schema\/person\/3bee6583f445dde27b35a7bba61b06b4"},"headline":"A\u00een\u00e9s : l\u2019Ontario adopte le controvers\u00e9 projet de loi 7","datePublished":"2022-09-01T20:54:22+00:00","dateModified":"2022-09-17T20:56:46+00:00","mainEntityOfPage":{"@id":"https:\/\/www.ontariohealthcoalition.ca\/index.php\/aines-lontario-adopte-le-controverse-projet-de-loi-7\/"},"wordCount":800,"publisher":{"@id":"https:\/\/www.ontariohealthcoalition.ca\/#organization"},"image":{"@id":"https:\/\/www.ontariohealthcoalition.ca\/index.php\/aines-lontario-adopte-le-controverse-projet-de-loi-7\/#primaryimage"},"thumbnailUrl":"https:\/\/images.radio-canada.ca\/q_auto,w_960\/v1\/ici-info\/16x9\/peter-tabuns-chef-interimaire-npd.JPG","articleSection":["OHC in the News"],"inLanguage":"en-US"},{"@type":"WebPage","@id":"https:\/\/www.ontariohealthcoalition.ca\/index.php\/aines-lontario-adopte-le-controverse-projet-de-loi-7\/","url":"https:\/\/www.ontariohealthcoalition.ca\/index.php\/aines-lontario-adopte-le-controverse-projet-de-loi-7\/","name":"A\u00een\u00e9s : l\u2019Ontario adopte le controvers\u00e9 projet de loi 7 - Ontario Health Coalition","isPartOf":{"@id":"https:\/\/www.ontariohealthcoalition.ca\/#website"},"primaryImageOfPage":{"@id":"https:\/\/www.ontariohealthcoalition.ca\/index.php\/aines-lontario-adopte-le-controverse-projet-de-loi-7\/#primaryimage"},"image":{"@id":"https:\/\/www.ontariohealthcoalition.ca\/index.php\/aines-lontario-adopte-le-controverse-projet-de-loi-7\/#primaryimage"},"thumbnailUrl":"https:\/\/images.radio-canada.ca\/q_auto,w_960\/v1\/ici-info\/16x9\/peter-tabuns-chef-interimaire-npd.JPG","datePublished":"2022-09-01T20:54:22+00:00","dateModified":"2022-09-17T20:56:46+00:00","description":"(August 31, 2022) By: Radio Canada Le gouvernement de Doug Ford a adopt\u00e9 mercredi son projet de loi sur les soins de longue dur\u00e9e, malgr\u00e9 les","breadcrumb":{"@id":"https:\/\/www.ontariohealthcoalition.ca\/index.php\/aines-lontario-adopte-le-controverse-projet-de-loi-7\/#breadcrumb"},"inLanguage":"en-US","potentialAction":[{"@type":"ReadAction","target":["https:\/\/www.ontariohealthcoalition.ca\/index.php\/aines-lontario-adopte-le-controverse-projet-de-loi-7\/"]}]},{"@type":"ImageObject","inLanguage":"en-US","@id":"https:\/\/www.ontariohealthcoalition.ca\/index.php\/aines-lontario-adopte-le-controverse-projet-de-loi-7\/#primaryimage","url":"https:\/\/images.radio-canada.ca\/q_auto,w_960\/v1\/ici-info\/16x9\/peter-tabuns-chef-interimaire-npd.JPG","contentUrl":"https:\/\/images.radio-canada.ca\/q_auto,w_960\/v1\/ici-info\/16x9\/peter-tabuns-chef-interimaire-npd.JPG"},{"@type":"BreadcrumbList","@id":"https:\/\/www.ontariohealthcoalition.ca\/index.php\/aines-lontario-adopte-le-controverse-projet-de-loi-7\/#breadcrumb","itemListElement":[{"@type":"ListItem","position":1,"name":"Home","item":"https:\/\/www.ontariohealthcoalition.ca\/"},{"@type":"ListItem","position":2,"name":"A\u00een\u00e9s : l\u2019Ontario adopte le controvers\u00e9 projet de loi 7"}]},{"@type":"WebSite","@id":"https:\/\/www.ontariohealthcoalition.ca\/#website","url":"https:\/\/www.ontariohealthcoalition.ca\/","name":"Ontario Health Coalition","description":"Our primary goal is to protect and improve our public health care system","publisher":{"@id":"https:\/\/www.ontariohealthcoalition.ca\/#organization"},"potentialAction":[{"@type":"SearchAction","target":{"@type":"EntryPoint","urlTemplate":"https:\/\/www.ontariohealthcoalition.ca\/?s={search_term_string}"},"query-input":{"@type":"PropertyValueSpecification","valueRequired":true,"valueName":"search_term_string"}}],"inLanguage":"en-US"},{"@type":"Organization","@id":"https:\/\/www.ontariohealthcoalition.ca\/#organization","name":"Ontario Health Coalition","url":"https:\/\/www.ontariohealthcoalition.ca\/","logo":{"@type":"ImageObject","inLanguage":"en-US","@id":"https:\/\/www.ontariohealthcoalition.ca\/#\/schema\/logo\/image\/","url":"https:\/\/www.ontariohealthcoalition.ca\/wp-content\/uploads\/logo_ohc_new-1.png","contentUrl":"https:\/\/www.ontariohealthcoalition.ca\/wp-content\/uploads\/logo_ohc_new-1.png","width":478,"height":240,"caption":"Ontario Health Coalition"},"image":{"@id":"https:\/\/www.ontariohealthcoalition.ca\/#\/schema\/logo\/image\/"},"sameAs":["https:\/\/www.facebook.com\/ontariohealth?fref=ts","https:\/\/x.com\/OntarioHealthC","https:\/\/www.instagram.com\/ontariohealthcoalition","https:\/\/www.tiktok.com\/@ontariohealthc","https:\/\/www.youtube.com\/channel\/UCPy4Erf4xGLZV6CY23xdokw"]},{"@type":"Person","@id":"https:\/\/www.ontariohealthcoalition.ca\/#\/schema\/person\/3bee6583f445dde27b35a7bba61b06b4","name":"admin"}]}},"_links":{"self":[{"href":"https:\/\/www.ontariohealthcoalition.ca\/index.php\/wp-json\/wp\/v2\/posts\/19402","targetHints":{"allow":["GET"]}}],"collection":[{"href":"https:\/\/www.ontariohealthcoalition.ca\/index.php\/wp-json\/wp\/v2\/posts"}],"about":[{"href":"https:\/\/www.ontariohealthcoalition.ca\/index.php\/wp-json\/wp\/v2\/types\/post"}],"author":[{"embeddable":true,"href":"https:\/\/www.ontariohealthcoalition.ca\/index.php\/wp-json\/wp\/v2\/users\/1"}],"replies":[{"embeddable":true,"href":"https:\/\/www.ontariohealthcoalition.ca\/index.php\/wp-json\/wp\/v2\/comments?post=19402"}],"version-history":[{"count":1,"href":"https:\/\/www.ontariohealthcoalition.ca\/index.php\/wp-json\/wp\/v2\/posts\/19402\/revisions"}],"predecessor-version":[{"id":19403,"href":"https:\/\/www.ontariohealthcoalition.ca\/index.php\/wp-json\/wp\/v2\/posts\/19402\/revisions\/19403"}],"wp:attachment":[{"href":"https:\/\/www.ontariohealthcoalition.ca\/index.php\/wp-json\/wp\/v2\/media?parent=19402"}],"wp:term":[{"taxonomy":"category","embeddable":true,"href":"https:\/\/www.ontariohealthcoalition.ca\/index.php\/wp-json\/wp\/v2\/categories?post=19402"},{"taxonomy":"post_tag","embeddable":true,"href":"https:\/\/www.ontariohealthcoalition.ca\/index.php\/wp-json\/wp\/v2\/tags?post=19402"}],"curies":[{"name":"wp","href":"https:\/\/api.w.org\/{rel}","templated":true}]}}