{"id":25225,"date":"2023-02-26T13:14:11","date_gmt":"2023-02-26T18:14:11","guid":{"rendered":"https:\/\/www.ontariohealthcoalition.ca\/?p=25225"},"modified":"2023-03-06T13:17:30","modified_gmt":"2023-03-06T18:17:30","slug":"manifestation-contre-le-programme-antidemocratique-du-gouvernement-ford","status":"publish","type":"post","link":"https:\/\/www.ontariohealthcoalition.ca\/index.php\/manifestation-contre-le-programme-antidemocratique-du-gouvernement-ford\/","title":{"rendered":"Manifestation contre le programme \u00ab antid\u00e9mocratique \u00bb du gouvernement Ford"},"content":{"rendered":"<p>(25 f\u00e9vrier 2023)<\/p>\n<p>By: Radio-Canada<\/p>\n<p><img loading=\"lazy\" decoding=\"async\" class=\"\" src=\"https:\/\/images.radio-canada.ca\/q_auto,w_960\/v1\/ici-info\/16x9\/queens-park-manifestation.jpg\" alt=\"Des manifestants rassembl\u00e9s devant l'Assembl\u00e9e l\u00e9gislative de l'Ontario, \u00e0 Toronto.\" width=\"583\" height=\"328\" \/><\/p>\n<p class=\"sc-v64krj-0 dlqbmr\"><em>Des centaines de militants se sont rassembl\u00e9s samedi devant l&#8217;Assembl\u00e9e l\u00e9gislative de l&#8217;Ontario, \u00e0 Toronto, pour d\u00e9noncer le programme \u00ab antid\u00e9mocratique \u00bb du gouvernement Ford. PHOTO\u00a0:\u00a0RADIO-CANADA \/ ROBERT KRBAVAC<\/em><\/p>\n<div class=\"lead-container\">\n<p class=\"e-p\">Alors que les travaux \u00e0 l&#8217;Assembl\u00e9e l\u00e9gislative de l&#8217;Ontario ont repris cette semaine, plusieurs organisations oppos\u00e9es aux politiques du gouvernement Ford ont manifest\u00e9 samedi \u00e0 Queen\u2019s Park pour d\u00e9noncer son programme \u00ab\u00a0antid\u00e9mocratique, anti-environnemental et anti-travailleurs\u00a0\u00bb.<\/p>\n<\/div>\n<section class=\"redactionals document-content-style\">\n<p class=\"e-p\">Ces organisations qui disent d\u00e9fendre les communaut\u00e9s autochtones, l&#8217;environnement, la sant\u00e9 publique et l\u2019\u00e9ducation affirment avoir \u00e9t\u00e9 t\u00e9moins\u00a0<q data-attributes=\"{&quot;lang&quot;:{&quot;value&quot;:&quot;fr&quot;,&quot;label&quot;:&quot;Fran\u00e7ais&quot;},&quot;value&quot;:{&quot;html&quot;:&quot;d'une attaque contre les services publics les plus essentiels de l'Ontario&quot;,&quot;text&quot;:&quot;d'une attaque contre les services publics les plus essentiels de l'Ontario&quot;}}\"><span lang=\"fr\" title=\"Fran\u00e7ais\">d&#8217;une attaque contre les services publics les plus essentiels de l&#8217;Ontario<\/span><\/q>\u00a0depuis l&#8217;entr\u00e9e en fonction de Doug Ford, en\u00a02018.<\/p>\n<blockquote class=\"sc-1push81-0 hyWXkl blockquote\"><p><span class=\"quote left\">\u00ab\u00a0<\/span>Nous ne pouvons pas rester les bras crois\u00e9s alors que l&#8217;avenir de cette province est menac\u00e9 par ce gouvernement.<span class=\"quote right\">\u00a0\u00bb<\/span><\/p>\n<footer><span class=\"line\">\u2014\u00a0<\/span><span class=\"hidden-tag\">Une citation de\u00a0<\/span>\u00a0Coalition d&#8217;organisations contre le\u00a0gouvernement Ford<\/footer>\n<\/blockquote>\n<footer>\n<p class=\"e-p\">Selon ces militants, le premier ministre a\u00a0<q data-attributes=\"{&quot;lang&quot;:{&quot;value&quot;:&quot;fr&quot;,&quot;label&quot;:&quot;Fran\u00e7ais&quot;},&quot;value&quot;:{&quot;html&quot;:&quot;d\u00e9lib\u00e9r\u00e9ment min\u00e9 et sous-financ\u00e9 les syst\u00e8mes publics de soins de sant\u00e9 et d'\u00e9ducation de l'Ontario, cr\u00e9ant des p\u00e9nuries de personnel et un manque d'acc\u00e8s aux services essentiels&quot;,&quot;text&quot;:&quot;d\u00e9lib\u00e9r\u00e9ment min\u00e9 et sous-financ\u00e9 les syst\u00e8mes publics de soins de sant\u00e9 et d'\u00e9ducation de l'Ontario, cr\u00e9ant des p\u00e9nuries de personnel et un manque d'acc\u00e8s aux services essentiels&quot;}}\"><span lang=\"fr\" title=\"Fran\u00e7ais\">d\u00e9lib\u00e9r\u00e9ment min\u00e9 et sous-financ\u00e9 les syst\u00e8mes publics de soins de sant\u00e9 et d&#8217;\u00e9ducation de l&#8217;Ontario, cr\u00e9ant ainsi des p\u00e9nuries de personnel et un manque d&#8217;acc\u00e8s aux services essentiels<\/span><\/q>.<\/p>\n<p class=\"e-p\">Les manifestants ont aussi d\u00e9nonc\u00e9\u00a0<q data-attributes=\"{&quot;lang&quot;:{&quot;value&quot;:&quot;fr&quot;,&quot;label&quot;:&quot;Fran\u00e7ais&quot;},&quot;value&quot;:{&quot;html&quot;:&quot;la privatisation et le contr\u00f4le des entreprises dans [les] syst\u00e8mes de sant\u00e9 et d'\u00e9ducation&quot;,&quot;text&quot;:&quot;la privatisation et le contr\u00f4le des entreprises dans [les] syst\u00e8mes de sant\u00e9 et d'\u00e9ducation&quot;}}\"><span lang=\"fr\" title=\"Fran\u00e7ais\">la privatisation et le contr\u00f4le des entreprises dans [les] syst\u00e8mes de sant\u00e9 et d&#8217;\u00e9ducation<\/span><\/q>, ce qui entra\u00eene le d\u00e9tournement des fonds publics au profit des entreprises.<\/p>\n<h2 class=\"sc-1vaxh1e-1 dYEGcp redactional\">Contre un syst\u00e8me de\u00a0sant\u00e9 priv\u00e9<\/h2>\n<p class=\"e-p\">Falile Bobier, manifestante et membre de la Coalition ontarienne de la sant\u00e9, se mobilise pour s&#8217;opposer \u00e0 la privatisation des h\u00f4pitaux publics. Elle confie qu&#8217;elle a \u00e9t\u00e9 atteinte d\u2019un cancer il y a quelques ann\u00e9es et qu&#8217;elle n\u2019aurait jamais pu payer ses examens m\u00e9dicaux si le syst\u00e8me de sant\u00e9 avait \u00e9t\u00e9 priv\u00e9.\u00a0<q data-attributes=\"{&quot;lang&quot;:{&quot;value&quot;:&quot;fr&quot;,&quot;label&quot;:&quot;Fran\u00e7ais&quot;},&quot;value&quot;:{&quot;html&quot;:&quot;Si on ne lutte pas maintenant c\u2019est ce qui nous attend&quot;,&quot;text&quot;:&quot;Si on ne lutte pas maintenant c\u2019est ce qui nous attend&quot;}}\"><span lang=\"fr\" title=\"Fran\u00e7ais\">Si on ne lutte pas maintenant, c\u2019est ce qui nous attend<\/span><\/q>, pr\u00e9vient-elle.<\/p>\n<p class=\"e-p\">Mme\u00a0Bobier dit s&#8217;opposer \u00e0 un syst\u00e8me o\u00f9 les riches et les pauvres n&#8217;auraient pas les m\u00eames droits en mati\u00e8re de sant\u00e9.<\/p>\n<blockquote class=\"sc-1push81-0 hyWXkl blockquote\"><p><span class=\"quote left\">\u00ab\u00a0<\/span>C\u2019est inhumain! Les soins de sant\u00e9 devraient \u00eatre un bien public pour tout le monde, pas seulement pour ceux qui peuvent payer.<span class=\"quote right\">\u00a0\u00bb<\/span><\/p>\n<footer><span class=\"line\">\u2014\u00a0<\/span><span class=\"hidden-tag\">Une citation de\u00a0<\/span>\u00a0Falile Bobier, manifestante et membre de la Coalition ontarienne de la sant\u00e9<\/footer>\n<\/blockquote>\n<p class=\"e-p\">M\u00eame son de cloche du c\u00f4t\u00e9 de la directrice g\u00e9n\u00e9rale de la Coalition ontarienne de la sant\u00e9, Natalie Mehra. Selon elle,\u00a0<q data-attributes=\"{&quot;lang&quot;:{&quot;value&quot;:&quot;fr&quot;,&quot;label&quot;:&quot;Fran\u00e7ais&quot;},&quot;value&quot;:{&quot;html&quot;:&quot;le gouvernement Ford n'a aucun mandat pour saper notre syst\u00e8me hospitalier public et le privatiser&quot;,&quot;text&quot;:&quot;le gouvernement Ford n'a aucun mandat pour saper notre syst\u00e8me hospitalier public et le privatiser&quot;}}\"><span lang=\"fr\" title=\"Fran\u00e7ais\">le gouvernement Ford n&#8217;a aucun mandat pour saper notre syst\u00e8me hospitalier public et pour le privatiser<\/span><\/q>.<\/p>\n<blockquote class=\"sc-1push81-0 hyWXkl blockquote\"><p><span class=\"quote left\">\u00ab\u00a0<\/span>C&#8217;est la destruction de nos soins de sant\u00e9, pas une innovation.<span class=\"quote right\">\u00a0\u00bb<\/span><\/p>\n<footer><span class=\"line\">\u2014\u00a0<\/span><span class=\"hidden-tag\">Une citation de\u00a0<\/span>\u00a0Natalie Mehra, directrice g\u00e9n\u00e9rale de la Coalition ontarienne de la sant\u00e9<\/footer>\n<\/blockquote>\n<h2 class=\"sc-1vaxh1e-1 dYEGcp redactional\">Contre\u00a0<q data-attributes=\"{&quot;lang&quot;:{&quot;value&quot;:&quot;fr&quot;,&quot;label&quot;:&quot;Fran\u00e7ais&quot;},&quot;value&quot;:{&quot;html&quot;:&quot;un d\u00e9veloppement urbain d\u00e9brid\u00e9&quot;,&quot;text&quot;:&quot;un d\u00e9veloppement urbain d\u00e9brid\u00e9&quot;}}\"><span lang=\"fr\" title=\"Fran\u00e7ais\">un d\u00e9veloppement urbain d\u00e9brid\u00e9<\/span><\/q><\/h2>\n<p class=\"e-p\">Au chapitre de l&#8217;environnement, les manifestants ont fustig\u00e9 l\u2019adoption du projet de loi destin\u00e9 \u00e0 stimuler la construction de logements. Les militants estiment que le projet de loi\u00a023 va r\u00e9duire les pouvoirs des offices de protection de la nature et la capacit\u00e9 des citoyens \u00e0 s&#8217;opposer aux lotissements pr\u00e9vus dans leurs propres communaut\u00e9s.<\/p>\n<p class=\"e-p\"><q data-attributes=\"{&quot;lang&quot;:{&quot;value&quot;:&quot;fr&quot;,&quot;label&quot;:&quot;Fran\u00e7ais&quot;},&quot;value&quot;:{&quot;html&quot;:&quot;Ces mesures minent nos droits d\u00e9mocratiques et servent \u00e0 enrichir les riches promoteurs au d\u00e9triment de l'avenir de notre province&quot;,&quot;text&quot;:&quot;Ces mesures minent nos droits d\u00e9mocratiques et servent \u00e0 enrichir les riches promoteurs au d\u00e9triment de l'avenir de notre province&quot;}}\"><span lang=\"fr\" title=\"Fran\u00e7ais\">Ces mesures minent nos droits d\u00e9mocratiques et servent \u00e0 enrichir les riches promoteurs au d\u00e9triment de l&#8217;avenir de notre province<\/span><\/q>, souligne la coalition dans un communiqu\u00e9.<\/p>\n<div class=\"picture-attachment-container center\">\n<div class=\"sc-1poig0l-1 bnpXKN e-picture-render\"><picture class=\"sc-1poig0l-0 sc-tixoky-0 hMQdJO bzHzna e-picture is-ratio\"><source srcset=\"https:\/\/images.radio-canada.ca\/q_auto,w_960\/v1\/ici-info\/16x9\/green-belt-ceinture-de-verdure-opposition.jpg\" media=\"(min-width: 0px) and (max-width: 99999px)\" \/><img loading=\"lazy\" decoding=\"async\" class=\"\" src=\"https:\/\/images.radio-canada.ca\/q_auto,w_960\/v1\/ici-info\/16x9\/green-belt-ceinture-de-verdure-opposition.jpg\" alt=\"Une femme soul\u00e8ve une pancarte verte pour montrer son opposition au d\u00e9veloppement urbain de Doug Ford dans la ceinture de verdure.\" width=\"595\" height=\"335\" \/><\/picture><\/div>\n<div class=\"sc-v64krj-2 fzFaTt e-image-caption\">\n<p class=\"sc-v64krj-0 dlqbmr\"><em>Des manifestants ont d\u00e9nonc\u00e9 un \u00ab d\u00e9veloppement urbain d\u00e9brid\u00e9 dans la ceinture de verdure \u00bb et un manque de consultation avec les peuples autochtones. PHOTO\u00a0:\u00a0RADIO-CANADA \/ ROBERT KRBAVAC<\/em><\/p>\n<\/div>\n<\/div>\n<p class=\"e-p\">Kim Bradshaw, cofondatrice de l&#8217;organisme\u00a0<span lang=\"en\" title=\"Anglais\">Greenbelt Guardians,<\/span>\u00a0qui lutte pour la protection de la ceinture de verdure, estime que le gouvernement Ford favorise\u00a0<q data-attributes=\"{&quot;lang&quot;:{&quot;value&quot;:&quot;fr&quot;,&quot;label&quot;:&quot;Fran\u00e7ais&quot;},&quot;value&quot;:{&quot;html&quot;:&quot;un d\u00e9veloppement urbain d\u00e9brid\u00e9&quot;,&quot;text&quot;:&quot;un d\u00e9veloppement urbain d\u00e9brid\u00e9&quot;}}\"><span lang=\"fr\" title=\"Fran\u00e7ais\">un d\u00e9veloppement urbain d\u00e9brid\u00e9<\/span><\/q>\u00a0qui menace les terres agricoles, les milieux humides et les espaces verts.<\/p>\n<p class=\"e-p\">Sur cette question, les organisations d\u00e9plorent \u00e9galement le manque de consultation avec les peuples autochtones alors que ces lotissements\u00a0<q data-attributes=\"{&quot;lang&quot;:{&quot;value&quot;:&quot;fr&quot;,&quot;label&quot;:&quot;Fran\u00e7ais&quot;},&quot;value&quot;:{&quot;html&quot;:&quot;affectent directement leurs terres et leurs droits issus de trait\u00e9s&quot;,&quot;text&quot;:&quot;affectent directement leurs terres et leurs droits issus de trait\u00e9s&quot;}}\"><span lang=\"fr\" title=\"Fran\u00e7ais\">affectent directement leurs terres et leurs droits issus de trait\u00e9s<\/span><\/q>.<\/p>\n<p class=\"e-p\">De son c\u00f4t\u00e9, Fuyuki Kurasawa, professeur agr\u00e9g\u00e9 au d\u00e9partement de sociologie de l&#8217;Universit\u00e9 York, rappelle que le gouvernement Ford\u00a0<q data-attributes=\"{&quot;lang&quot;:{&quot;value&quot;:&quot;fr&quot;,&quot;label&quot;:&quot;Fran\u00e7ais&quot;},&quot;value&quot;:{&quot;html&quot;:&quot;essaie de vendre [ce projet de d\u00e9veloppement urbain dans la ceinture de verdure] comme \u00e9tant une des solutions principales pour r\u00e9soudre la crise du logement en Ontario, notamment dans la grande r\u00e9gion de Toronto.&quot;,&quot;text&quot;:&quot;essaie de vendre [ce projet de d\u00e9veloppement urbain dans la ceinture de verdure] comme \u00e9tant une des solutions principales pour r\u00e9soudre la crise du logement en Ontario, notamment dans la grande r\u00e9gion de Toronto.&quot;}}\"><span lang=\"fr\" title=\"Fran\u00e7ais\">essaie de faire accepter [ce projet de d\u00e9veloppement urbain dans la ceinture de verdure] comme une des solutions principales pour r\u00e9soudre la crise du logement en Ontario, notamment dans la grande r\u00e9gion de Toronto<\/span><\/q>.<\/p>\n<p class=\"e-p\">Pour M.\u00a0Kurasawa,\u00a0<q style=\"border: 0px; font-style: normal; font-variant: inherit; font-weight: inherit; font-stretch: inherit; line-height: inherit; font-family: inherit; font-size: 16px; margin: 0px; padding: 0px; vertical-align: baseline; quotes: '\u00ab\u00a0' '\u00a0\u00bb'; box-sizing: border-box;\" data-attributes=\"{&quot;lang&quot;:{&quot;value&quot;:&quot;fr&quot;,&quot;label&quot;:&quot;Fran\u00e7ais&quot;},&quot;value&quot;:{&quot;html&quot;:&quot;ce qui a fait mal au gouvernement Ford et ce qui explique en partie cette mobilisation c\u2019est ce qui semble \u00eatre un scandale li\u00e9 \u00e0 &lt;a title=\\&quot;https:\/\/ici.radio-canada.ca\/nouvelle\/1955437\/doug-ford-fille-mariage-invites-promoteurs-immobiliers-integrite\\&quot; href=\\&quot;https:\/\/ici.radio-canada.ca\/nouvelle\/1955437\/doug-ford-fille-mariage-invites-promoteurs-immobiliers-integrite\\&quot;&gt;l\u2019invitation de Doug Ford aux donateurs du parti pour le mariage de sa fille&lt;\/a&gt;.&quot;,&quot;text&quot;:&quot;ce qui a fait mal au gouvernement Ford et ce qui explique en partie cette mobilisation c\u2019est ce qui semble \u00eatre un scandale li\u00e9 \u00e0 l\u2019invitation de Doug Ford aux donateurs du parti pour le mariage de sa fille.&quot;}}\"><span lang=\"fr\" title=\"Fran\u00e7ais\">ce qui a fait mal au gouvernement Ford et ce qui explique en partie cette mobilisation, c\u2019est ce qui semble \u00eatre un scandale li\u00e9 \u00e0\u00a0<a class=\"sc-3o1hzh-0 bjOeFc e-internal-link\" title=\"https:\/\/ici.radio-canada.ca\/nouvelle\/1955437\/doug-ford-fille-mariage-invites-promoteurs-immobiliers-integrite\" href=\"https:\/\/ici.radio-canada.ca\/nouvelle\/1955437\/doug-ford-fille-mariage-invites-promoteurs-immobiliers-integrite\" target=\"_self\" rel=\"noopener\">l\u2019invitation de Doug Ford aux donateurs du parti pour le mariage de sa fille<\/a><\/span><\/q>.<\/p>\n<blockquote class=\"sc-1push81-0 hyWXkl blockquote is-long-quote\"><p><span class=\"quote left\">\u00ab\u00a0<\/span>Toute opposition envers un gouvernement au pouvoir d\u00e9pend d\u2019un petit incident qui n&#8217;est pas significatif en tant que tel mais qui symbolise la mani\u00e8re dont le gouvernement g\u00e8re les choses.<span class=\"quote right\">\u00a0\u00bb<\/span><\/p>\n<footer><span class=\"line\">\u2014\u00a0<\/span><span class=\"hidden-tag\">Une citation de\u00a0<\/span>\u00a0Fuyuki Kurasawa, professeur agr\u00e9g\u00e9 au d\u00e9partement de sociologie de\u00a0l&#8217;Universit\u00e9 York<\/footer>\n<\/blockquote>\n<p class=\"e-p\">Ce professeur de sociologie doute que la grogne populaire fasse reculer le gouvernement, mais il estime que les manifestations d&#8217;opposition peuvent toutefois permettre de faire modifier son plan initial.<\/p>\n<p class=\"e-p\">Fuyuki Kurasawa ajoute qu&#8217;une intervention d&#8217;Ottawa sur la sc\u00e8ne politique provinciale pourrait repr\u00e9senter un handicap pour le gouvernement Ford.<\/p>\n<p class=\"e-p\"><q data-attributes=\"{&quot;lang&quot;:{&quot;value&quot;:&quot;fr&quot;,&quot;label&quot;:&quot;Fran\u00e7ais&quot;},&quot;value&quot;:{&quot;html&quot;:&quot;Les Ontariens \u00e9coutent aussi le gouvernement f\u00e9d\u00e9ral, et lorsqu\u2019il pose des questions, \u00e7a fait r\u00e9fl\u00e9chir la population. Donc cela pourrait peut-\u00eatre inqui\u00e9ter les strat\u00e8ges du Parti conservateur en Ontario.&quot;,&quot;text&quot;:&quot;Les Ontariens \u00e9coutent aussi le gouvernement f\u00e9d\u00e9ral, et lorsqu\u2019il pose des questions, \u00e7a fait r\u00e9fl\u00e9chir la population. Donc cela pourrait peut-\u00eatre inqui\u00e9ter les strat\u00e8ges du Parti conservateur en Ontario.&quot;}}\"><span lang=\"fr\" title=\"Fran\u00e7ais\">Les Ontariens \u00e9coutent aussi le gouvernement f\u00e9d\u00e9ral. Lorsqu\u2019il pose des questions, \u00e7a fait r\u00e9fl\u00e9chir la population. Donc cela pourrait peut-\u00eatre inqui\u00e9ter les strat\u00e8ges du Parti conservateur en Ontario.<\/span><\/q><\/p>\n<p class=\"e-p\"><em>Avec les informations de<\/em>\u00a0<em>Yanick Lepage<\/em><\/p>\n<p><a href=\"https:\/\/ici.radio-canada.ca\/nouvelle\/1959123\/opposition-politique-environnement-sante-education-ontario\">Cliquez ici pour l&#8217;article original<\/a><\/p>\n<\/footer>\n<\/section>\n","protected":false},"excerpt":{"rendered":"<p>(25 f\u00e9vrier 2023) By: Radio-Canada Des centaines de militants se sont rassembl\u00e9s samedi devant l&#8217;Assembl\u00e9e l\u00e9gislative de l&#8217;Ontario, \u00e0 Toronto, pour d\u00e9noncer le programme \u00ab antid\u00e9mocratique \u00bb du gouvernement Ford. PHOTO\u00a0:\u00a0RADIO-CANADA \/ ROBERT KRBAVAC Alors que les travaux \u00e0 l&#8217;Assembl\u00e9e l\u00e9gislative de l&#8217;Ontario ont repris cette semaine, plusieurs organisations oppos\u00e9es aux politiques du gouvernement Ford [&hellip;]<\/p>\n","protected":false},"author":1,"featured_media":0,"comment_status":"closed","ping_status":"closed","sticky":false,"template":"","format":"standard","meta":{"footnotes":""},"categories":[21],"tags":[],"class_list":["post-25225","post","type-post","status-publish","format-standard","hentry","category-ohc-in-the-news"],"yoast_head":"<!-- This site is optimized with the Yoast SEO plugin v27.5 - https:\/\/yoast.com\/product\/yoast-seo-wordpress\/ -->\n<title>Manifestation contre le programme \u00ab antid\u00e9mocratique \u00bb du gouvernement Ford - Ontario Health Coalition<\/title>\n<meta name=\"description\" content=\"(25 f\u00e9vrier 2023) By: Radio-Canada Des centaines de militants se sont rassembl\u00e9s samedi devant l&#039;Assembl\u00e9e l\u00e9gislative de l&#039;Ontario, \u00e0 Toronto, pour\" \/>\n<meta name=\"robots\" content=\"index, follow, max-snippet:-1, max-image-preview:large, max-video-preview:-1\" \/>\n<link rel=\"canonical\" href=\"https:\/\/www.ontariohealthcoalition.ca\/index.php\/manifestation-contre-le-programme-antidemocratique-du-gouvernement-ford\/\" \/>\n<meta property=\"og:locale\" content=\"en_US\" \/>\n<meta property=\"og:type\" content=\"article\" \/>\n<meta property=\"og:title\" content=\"Manifestation contre le programme \u00ab antid\u00e9mocratique \u00bb du gouvernement Ford - Ontario Health Coalition\" \/>\n<meta property=\"og:description\" content=\"(25 f\u00e9vrier 2023) By: Radio-Canada Des centaines de militants se sont rassembl\u00e9s samedi devant l&#039;Assembl\u00e9e l\u00e9gislative de l&#039;Ontario, \u00e0 Toronto, pour\" \/>\n<meta property=\"og:url\" content=\"https:\/\/www.ontariohealthcoalition.ca\/index.php\/manifestation-contre-le-programme-antidemocratique-du-gouvernement-ford\/\" \/>\n<meta property=\"og:site_name\" content=\"Ontario Health Coalition\" \/>\n<meta property=\"article:publisher\" content=\"https:\/\/www.facebook.com\/ontariohealth?fref=ts\" \/>\n<meta property=\"article:published_time\" content=\"2023-02-26T18:14:11+00:00\" \/>\n<meta property=\"article:modified_time\" content=\"2023-03-06T18:17:30+00:00\" \/>\n<meta property=\"og:image\" content=\"https:\/\/images.radio-canada.ca\/q_auto,w_960\/v1\/ici-info\/16x9\/queens-park-manifestation.jpg\" \/>\n<meta name=\"author\" content=\"admin\" \/>\n<meta name=\"twitter:label1\" content=\"Written by\" \/>\n\t<meta name=\"twitter:data1\" content=\"admin\" \/>\n\t<meta name=\"twitter:label2\" content=\"Est. reading time\" \/>\n\t<meta name=\"twitter:data2\" content=\"4 minutes\" \/>\n<script type=\"application\/ld+json\" class=\"yoast-schema-graph\">{\"@context\":\"https:\\\/\\\/schema.org\",\"@graph\":[{\"@type\":\"Article\",\"@id\":\"https:\\\/\\\/www.ontariohealthcoalition.ca\\\/index.php\\\/manifestation-contre-le-programme-antidemocratique-du-gouvernement-ford\\\/#article\",\"isPartOf\":{\"@id\":\"https:\\\/\\\/www.ontariohealthcoalition.ca\\\/index.php\\\/manifestation-contre-le-programme-antidemocratique-du-gouvernement-ford\\\/\"},\"author\":{\"name\":\"admin\",\"@id\":\"https:\\\/\\\/www.ontariohealthcoalition.ca\\\/#\\\/schema\\\/person\\\/3bee6583f445dde27b35a7bba61b06b4\"},\"headline\":\"Manifestation contre le programme \u00ab antid\u00e9mocratique \u00bb du gouvernement Ford\",\"datePublished\":\"2023-02-26T18:14:11+00:00\",\"dateModified\":\"2023-03-06T18:17:30+00:00\",\"mainEntityOfPage\":{\"@id\":\"https:\\\/\\\/www.ontariohealthcoalition.ca\\\/index.php\\\/manifestation-contre-le-programme-antidemocratique-du-gouvernement-ford\\\/\"},\"wordCount\":912,\"publisher\":{\"@id\":\"https:\\\/\\\/www.ontariohealthcoalition.ca\\\/#organization\"},\"image\":{\"@id\":\"https:\\\/\\\/www.ontariohealthcoalition.ca\\\/index.php\\\/manifestation-contre-le-programme-antidemocratique-du-gouvernement-ford\\\/#primaryimage\"},\"thumbnailUrl\":\"https:\\\/\\\/images.radio-canada.ca\\\/q_auto,w_960\\\/v1\\\/ici-info\\\/16x9\\\/queens-park-manifestation.jpg\",\"articleSection\":[\"OHC in the News\"],\"inLanguage\":\"en-US\"},{\"@type\":\"WebPage\",\"@id\":\"https:\\\/\\\/www.ontariohealthcoalition.ca\\\/index.php\\\/manifestation-contre-le-programme-antidemocratique-du-gouvernement-ford\\\/\",\"url\":\"https:\\\/\\\/www.ontariohealthcoalition.ca\\\/index.php\\\/manifestation-contre-le-programme-antidemocratique-du-gouvernement-ford\\\/\",\"name\":\"Manifestation contre le programme \u00ab antid\u00e9mocratique \u00bb du gouvernement Ford - Ontario Health Coalition\",\"isPartOf\":{\"@id\":\"https:\\\/\\\/www.ontariohealthcoalition.ca\\\/#website\"},\"primaryImageOfPage\":{\"@id\":\"https:\\\/\\\/www.ontariohealthcoalition.ca\\\/index.php\\\/manifestation-contre-le-programme-antidemocratique-du-gouvernement-ford\\\/#primaryimage\"},\"image\":{\"@id\":\"https:\\\/\\\/www.ontariohealthcoalition.ca\\\/index.php\\\/manifestation-contre-le-programme-antidemocratique-du-gouvernement-ford\\\/#primaryimage\"},\"thumbnailUrl\":\"https:\\\/\\\/images.radio-canada.ca\\\/q_auto,w_960\\\/v1\\\/ici-info\\\/16x9\\\/queens-park-manifestation.jpg\",\"datePublished\":\"2023-02-26T18:14:11+00:00\",\"dateModified\":\"2023-03-06T18:17:30+00:00\",\"description\":\"(25 f\u00e9vrier 2023) By: Radio-Canada Des centaines de militants se sont rassembl\u00e9s samedi devant l'Assembl\u00e9e l\u00e9gislative de l'Ontario, \u00e0 Toronto, pour\",\"breadcrumb\":{\"@id\":\"https:\\\/\\\/www.ontariohealthcoalition.ca\\\/index.php\\\/manifestation-contre-le-programme-antidemocratique-du-gouvernement-ford\\\/#breadcrumb\"},\"inLanguage\":\"en-US\",\"potentialAction\":[{\"@type\":\"ReadAction\",\"target\":[\"https:\\\/\\\/www.ontariohealthcoalition.ca\\\/index.php\\\/manifestation-contre-le-programme-antidemocratique-du-gouvernement-ford\\\/\"]}]},{\"@type\":\"ImageObject\",\"inLanguage\":\"en-US\",\"@id\":\"https:\\\/\\\/www.ontariohealthcoalition.ca\\\/index.php\\\/manifestation-contre-le-programme-antidemocratique-du-gouvernement-ford\\\/#primaryimage\",\"url\":\"https:\\\/\\\/images.radio-canada.ca\\\/q_auto,w_960\\\/v1\\\/ici-info\\\/16x9\\\/queens-park-manifestation.jpg\",\"contentUrl\":\"https:\\\/\\\/images.radio-canada.ca\\\/q_auto,w_960\\\/v1\\\/ici-info\\\/16x9\\\/queens-park-manifestation.jpg\"},{\"@type\":\"BreadcrumbList\",\"@id\":\"https:\\\/\\\/www.ontariohealthcoalition.ca\\\/index.php\\\/manifestation-contre-le-programme-antidemocratique-du-gouvernement-ford\\\/#breadcrumb\",\"itemListElement\":[{\"@type\":\"ListItem\",\"position\":1,\"name\":\"Home\",\"item\":\"https:\\\/\\\/www.ontariohealthcoalition.ca\\\/\"},{\"@type\":\"ListItem\",\"position\":2,\"name\":\"Manifestation contre le programme \u00ab antid\u00e9mocratique \u00bb du gouvernement Ford\"}]},{\"@type\":\"WebSite\",\"@id\":\"https:\\\/\\\/www.ontariohealthcoalition.ca\\\/#website\",\"url\":\"https:\\\/\\\/www.ontariohealthcoalition.ca\\\/\",\"name\":\"Ontario Health Coalition\",\"description\":\"Our primary goal is to protect and improve our public health care system\",\"publisher\":{\"@id\":\"https:\\\/\\\/www.ontariohealthcoalition.ca\\\/#organization\"},\"potentialAction\":[{\"@type\":\"SearchAction\",\"target\":{\"@type\":\"EntryPoint\",\"urlTemplate\":\"https:\\\/\\\/www.ontariohealthcoalition.ca\\\/?s={search_term_string}\"},\"query-input\":{\"@type\":\"PropertyValueSpecification\",\"valueRequired\":true,\"valueName\":\"search_term_string\"}}],\"inLanguage\":\"en-US\"},{\"@type\":\"Organization\",\"@id\":\"https:\\\/\\\/www.ontariohealthcoalition.ca\\\/#organization\",\"name\":\"Ontario Health Coalition\",\"url\":\"https:\\\/\\\/www.ontariohealthcoalition.ca\\\/\",\"logo\":{\"@type\":\"ImageObject\",\"inLanguage\":\"en-US\",\"@id\":\"https:\\\/\\\/www.ontariohealthcoalition.ca\\\/#\\\/schema\\\/logo\\\/image\\\/\",\"url\":\"https:\\\/\\\/www.ontariohealthcoalition.ca\\\/wp-content\\\/uploads\\\/logo_ohc_new-1.png\",\"contentUrl\":\"https:\\\/\\\/www.ontariohealthcoalition.ca\\\/wp-content\\\/uploads\\\/logo_ohc_new-1.png\",\"width\":478,\"height\":240,\"caption\":\"Ontario Health Coalition\"},\"image\":{\"@id\":\"https:\\\/\\\/www.ontariohealthcoalition.ca\\\/#\\\/schema\\\/logo\\\/image\\\/\"},\"sameAs\":[\"https:\\\/\\\/www.facebook.com\\\/ontariohealth?fref=ts\",\"https:\\\/\\\/x.com\\\/OntarioHealthC\",\"https:\\\/\\\/www.instagram.com\\\/ontariohealthcoalition\",\"https:\\\/\\\/www.tiktok.com\\\/@ontariohealthc\",\"https:\\\/\\\/www.youtube.com\\\/channel\\\/UCPy4Erf4xGLZV6CY23xdokw\"]},{\"@type\":\"Person\",\"@id\":\"https:\\\/\\\/www.ontariohealthcoalition.ca\\\/#\\\/schema\\\/person\\\/3bee6583f445dde27b35a7bba61b06b4\",\"name\":\"admin\"}]}<\/script>\n<!-- \/ Yoast SEO plugin. -->","yoast_head_json":{"title":"Manifestation contre le programme \u00ab antid\u00e9mocratique \u00bb du gouvernement Ford - Ontario Health Coalition","description":"(25 f\u00e9vrier 2023) By: Radio-Canada Des centaines de militants se sont rassembl\u00e9s samedi devant l'Assembl\u00e9e l\u00e9gislative de l'Ontario, \u00e0 Toronto, pour","robots":{"index":"index","follow":"follow","max-snippet":"max-snippet:-1","max-image-preview":"max-image-preview:large","max-video-preview":"max-video-preview:-1"},"canonical":"https:\/\/www.ontariohealthcoalition.ca\/index.php\/manifestation-contre-le-programme-antidemocratique-du-gouvernement-ford\/","og_locale":"en_US","og_type":"article","og_title":"Manifestation contre le programme \u00ab antid\u00e9mocratique \u00bb du gouvernement Ford - Ontario Health Coalition","og_description":"(25 f\u00e9vrier 2023) By: Radio-Canada Des centaines de militants se sont rassembl\u00e9s samedi devant l'Assembl\u00e9e l\u00e9gislative de l'Ontario, \u00e0 Toronto, pour","og_url":"https:\/\/www.ontariohealthcoalition.ca\/index.php\/manifestation-contre-le-programme-antidemocratique-du-gouvernement-ford\/","og_site_name":"Ontario Health Coalition","article_publisher":"https:\/\/www.facebook.com\/ontariohealth?fref=ts","article_published_time":"2023-02-26T18:14:11+00:00","article_modified_time":"2023-03-06T18:17:30+00:00","og_image":[{"url":"https:\/\/images.radio-canada.ca\/q_auto,w_960\/v1\/ici-info\/16x9\/queens-park-manifestation.jpg","type":"","width":"","height":""}],"author":"admin","twitter_misc":{"Written by":"admin","Est. reading time":"4 minutes"},"schema":{"@context":"https:\/\/schema.org","@graph":[{"@type":"Article","@id":"https:\/\/www.ontariohealthcoalition.ca\/index.php\/manifestation-contre-le-programme-antidemocratique-du-gouvernement-ford\/#article","isPartOf":{"@id":"https:\/\/www.ontariohealthcoalition.ca\/index.php\/manifestation-contre-le-programme-antidemocratique-du-gouvernement-ford\/"},"author":{"name":"admin","@id":"https:\/\/www.ontariohealthcoalition.ca\/#\/schema\/person\/3bee6583f445dde27b35a7bba61b06b4"},"headline":"Manifestation contre le programme \u00ab antid\u00e9mocratique \u00bb du gouvernement Ford","datePublished":"2023-02-26T18:14:11+00:00","dateModified":"2023-03-06T18:17:30+00:00","mainEntityOfPage":{"@id":"https:\/\/www.ontariohealthcoalition.ca\/index.php\/manifestation-contre-le-programme-antidemocratique-du-gouvernement-ford\/"},"wordCount":912,"publisher":{"@id":"https:\/\/www.ontariohealthcoalition.ca\/#organization"},"image":{"@id":"https:\/\/www.ontariohealthcoalition.ca\/index.php\/manifestation-contre-le-programme-antidemocratique-du-gouvernement-ford\/#primaryimage"},"thumbnailUrl":"https:\/\/images.radio-canada.ca\/q_auto,w_960\/v1\/ici-info\/16x9\/queens-park-manifestation.jpg","articleSection":["OHC in the News"],"inLanguage":"en-US"},{"@type":"WebPage","@id":"https:\/\/www.ontariohealthcoalition.ca\/index.php\/manifestation-contre-le-programme-antidemocratique-du-gouvernement-ford\/","url":"https:\/\/www.ontariohealthcoalition.ca\/index.php\/manifestation-contre-le-programme-antidemocratique-du-gouvernement-ford\/","name":"Manifestation contre le programme \u00ab antid\u00e9mocratique \u00bb du gouvernement Ford - Ontario Health Coalition","isPartOf":{"@id":"https:\/\/www.ontariohealthcoalition.ca\/#website"},"primaryImageOfPage":{"@id":"https:\/\/www.ontariohealthcoalition.ca\/index.php\/manifestation-contre-le-programme-antidemocratique-du-gouvernement-ford\/#primaryimage"},"image":{"@id":"https:\/\/www.ontariohealthcoalition.ca\/index.php\/manifestation-contre-le-programme-antidemocratique-du-gouvernement-ford\/#primaryimage"},"thumbnailUrl":"https:\/\/images.radio-canada.ca\/q_auto,w_960\/v1\/ici-info\/16x9\/queens-park-manifestation.jpg","datePublished":"2023-02-26T18:14:11+00:00","dateModified":"2023-03-06T18:17:30+00:00","description":"(25 f\u00e9vrier 2023) By: Radio-Canada Des centaines de militants se sont rassembl\u00e9s samedi devant l'Assembl\u00e9e l\u00e9gislative de l'Ontario, \u00e0 Toronto, pour","breadcrumb":{"@id":"https:\/\/www.ontariohealthcoalition.ca\/index.php\/manifestation-contre-le-programme-antidemocratique-du-gouvernement-ford\/#breadcrumb"},"inLanguage":"en-US","potentialAction":[{"@type":"ReadAction","target":["https:\/\/www.ontariohealthcoalition.ca\/index.php\/manifestation-contre-le-programme-antidemocratique-du-gouvernement-ford\/"]}]},{"@type":"ImageObject","inLanguage":"en-US","@id":"https:\/\/www.ontariohealthcoalition.ca\/index.php\/manifestation-contre-le-programme-antidemocratique-du-gouvernement-ford\/#primaryimage","url":"https:\/\/images.radio-canada.ca\/q_auto,w_960\/v1\/ici-info\/16x9\/queens-park-manifestation.jpg","contentUrl":"https:\/\/images.radio-canada.ca\/q_auto,w_960\/v1\/ici-info\/16x9\/queens-park-manifestation.jpg"},{"@type":"BreadcrumbList","@id":"https:\/\/www.ontariohealthcoalition.ca\/index.php\/manifestation-contre-le-programme-antidemocratique-du-gouvernement-ford\/#breadcrumb","itemListElement":[{"@type":"ListItem","position":1,"name":"Home","item":"https:\/\/www.ontariohealthcoalition.ca\/"},{"@type":"ListItem","position":2,"name":"Manifestation contre le programme \u00ab antid\u00e9mocratique \u00bb du gouvernement Ford"}]},{"@type":"WebSite","@id":"https:\/\/www.ontariohealthcoalition.ca\/#website","url":"https:\/\/www.ontariohealthcoalition.ca\/","name":"Ontario Health Coalition","description":"Our primary goal is to protect and improve our public health care system","publisher":{"@id":"https:\/\/www.ontariohealthcoalition.ca\/#organization"},"potentialAction":[{"@type":"SearchAction","target":{"@type":"EntryPoint","urlTemplate":"https:\/\/www.ontariohealthcoalition.ca\/?s={search_term_string}"},"query-input":{"@type":"PropertyValueSpecification","valueRequired":true,"valueName":"search_term_string"}}],"inLanguage":"en-US"},{"@type":"Organization","@id":"https:\/\/www.ontariohealthcoalition.ca\/#organization","name":"Ontario Health Coalition","url":"https:\/\/www.ontariohealthcoalition.ca\/","logo":{"@type":"ImageObject","inLanguage":"en-US","@id":"https:\/\/www.ontariohealthcoalition.ca\/#\/schema\/logo\/image\/","url":"https:\/\/www.ontariohealthcoalition.ca\/wp-content\/uploads\/logo_ohc_new-1.png","contentUrl":"https:\/\/www.ontariohealthcoalition.ca\/wp-content\/uploads\/logo_ohc_new-1.png","width":478,"height":240,"caption":"Ontario Health Coalition"},"image":{"@id":"https:\/\/www.ontariohealthcoalition.ca\/#\/schema\/logo\/image\/"},"sameAs":["https:\/\/www.facebook.com\/ontariohealth?fref=ts","https:\/\/x.com\/OntarioHealthC","https:\/\/www.instagram.com\/ontariohealthcoalition","https:\/\/www.tiktok.com\/@ontariohealthc","https:\/\/www.youtube.com\/channel\/UCPy4Erf4xGLZV6CY23xdokw"]},{"@type":"Person","@id":"https:\/\/www.ontariohealthcoalition.ca\/#\/schema\/person\/3bee6583f445dde27b35a7bba61b06b4","name":"admin"}]}},"_links":{"self":[{"href":"https:\/\/www.ontariohealthcoalition.ca\/index.php\/wp-json\/wp\/v2\/posts\/25225","targetHints":{"allow":["GET"]}}],"collection":[{"href":"https:\/\/www.ontariohealthcoalition.ca\/index.php\/wp-json\/wp\/v2\/posts"}],"about":[{"href":"https:\/\/www.ontariohealthcoalition.ca\/index.php\/wp-json\/wp\/v2\/types\/post"}],"author":[{"embeddable":true,"href":"https:\/\/www.ontariohealthcoalition.ca\/index.php\/wp-json\/wp\/v2\/users\/1"}],"replies":[{"embeddable":true,"href":"https:\/\/www.ontariohealthcoalition.ca\/index.php\/wp-json\/wp\/v2\/comments?post=25225"}],"version-history":[{"count":1,"href":"https:\/\/www.ontariohealthcoalition.ca\/index.php\/wp-json\/wp\/v2\/posts\/25225\/revisions"}],"predecessor-version":[{"id":25226,"href":"https:\/\/www.ontariohealthcoalition.ca\/index.php\/wp-json\/wp\/v2\/posts\/25225\/revisions\/25226"}],"wp:attachment":[{"href":"https:\/\/www.ontariohealthcoalition.ca\/index.php\/wp-json\/wp\/v2\/media?parent=25225"}],"wp:term":[{"taxonomy":"category","embeddable":true,"href":"https:\/\/www.ontariohealthcoalition.ca\/index.php\/wp-json\/wp\/v2\/categories?post=25225"},{"taxonomy":"post_tag","embeddable":true,"href":"https:\/\/www.ontariohealthcoalition.ca\/index.php\/wp-json\/wp\/v2\/tags?post=25225"}],"curies":[{"name":"wp","href":"https:\/\/api.w.org\/{rel}","templated":true}]}}