{"id":5206,"date":"2017-04-28T16:54:09","date_gmt":"2017-04-28T20:54:09","guid":{"rendered":"http:\/\/www.ontariohealthcoalition.ca\/?p=5206"},"modified":"2020-05-08T16:38:56","modified_gmt":"2020-05-08T20:38:56","slug":"des-attentes-elevees-pour-le-budget-provincial","status":"publish","type":"post","link":"https:\/\/www.ontariohealthcoalition.ca\/index.php\/des-attentes-elevees-pour-le-budget-provincial\/","title":{"rendered":"Des attentes \u00e9lev\u00e9es pour le budget provincial"},"content":{"rendered":"<p>PUBLI\u00c9 LE JEUDI 27 AVRIL 2017 \u00c0 5 H 54<\/p>\n<p>On sait que la sant\u00e9 sera au coeur de ce budget. C&#8217;est la pr\u00e9occupation principale des Ontariens et le gouvernement a l&#8217;intention d&#8217;investir massivement dans ce secteur. La Coalition de la sant\u00e9 de l&#8217;Ontario s&#8217;attend \u00e0 voir le financement des h\u00f4pitaux augmenter de fa\u00e7on significative apr\u00e8s neuf ans de compressions.<\/p>\n<p>C&#8217;est tr\u00e8s frustrant parce que nous sommes \u00e0 un an des \u00e9lections. Nous avons v\u00e9cu des ann\u00e9es de compressions et, \u00e0 un an des \u00e9lections, ils commencent \u00e0 redonner un peu. Natalie Mehra, directrice, Coalition de la sant\u00e9 de l&#8217;Ontario<\/p>\n<p>Le ministre de la Sant\u00e9, Eric Hoskins, indique que le financement sera cibl\u00e9 selon les besoins de chaque communaut\u00e9. Par exemple, pour construire un nouvel h\u00f4pital dans une communaut\u00e9 o\u00f9 ce serait n\u00e9cessaire ou pour augmenter le budget de fonctionnement d&#8217;un \u00e9tablissement.<\/p>\n<p>Vous verrez des investissements qui refl\u00e8teront ces d\u00e9fis dans le budget.<\/p>\n<p>Eric Hoskins, ministre de la Sant\u00e9 de l&#8217;Ontario<br \/>\nL&#8217;\u00e9quilibre budg\u00e9taire<\/p>\n<p>Les lib\u00e9raux sont particuli\u00e8rement fiers de pr\u00e9senter un budget \u00e9quilibr\u00e9. C&#8217;est une promesse qu&#8217;ils maintiennent depuis des ann\u00e9es apr\u00e8s des d\u00e9ficits cons\u00e9cutifs.<br \/>\nL&#8217;opposition conservatrice accuse le gouvernement de pr\u00e9senter un \u00e9quilibre artificiel, tout comme la F\u00e9d\u00e9ration canadienne des contribuables.<\/p>\n<p>Ce que le gouvernement fait, c&#8217;est qu&#8217;il puise dans un fonds de r\u00e9serve de 600 millions de dollars pour pouvoir \u00e9quilibrer le budget et il peut aussi compter sur de nouveaux revenus issus de la taxe sur le carbone. C&#8217;est un budget qui est techniquement \u00e9quilibr\u00e9, mais je pense que Madame Wynne a fait preuve de &#8221;cr\u00e9ativit\u00e9 comptable&#8221;.<\/p>\n<p>Carl Vall\u00e9e, F\u00e9d\u00e9ration canadienne des contribuables<\/p>\n<p>De meilleurs emplois<\/p>\n<p>Les syndicats surveillent de pr\u00e8s ce que contiendra ce budget. Ils r\u00e9clament des modifications pour stopper l&#8217;augmentation des emplois pr\u00e9caires. Une d\u00e9l\u00e9gation \u00e9tait \u00e0 Queen&#8217;s Park cette semaine pour faire pression sur le gouvernement. Les repr\u00e9sentants syndicaux d\u00e9plorent le fait que des gens doivent avoir deux ou trois emplois et vivent toujours sous le seuil de la pauvret\u00e9. Ils s&#8217;attendent \u00e0 voir des actions concr\u00e8tes dans le budget, sans quoi ils disent qu&#8217;il y aura un prix politique \u00e0 payer.<\/p>\n<p>Ne rien faire n&#8217;est pas une option. Le gouvernement de l&#8217;Ontario doit arr\u00eater de se mettre la t\u00eate dans le sable.<\/p>\n<p>Chris Buckley, pr\u00e9sident, F\u00e9d\u00e9ration du travail de l&#8217;Ontario<br \/>\nLes Franco-Ontariens veulent leur part du g\u00e2teau<\/p>\n<p>L&#8217;Assembl\u00e9e de la francophonie de l&#8217;Ontario aimerait qu&#8217;il y ait une s\u00e9rie de mesures dans le budget. Sa priorit\u00e9 est un investissement pour la construction d&#8217;une universit\u00e9 de langue fran\u00e7aise.<\/p>\n<p>J&#8217;esp\u00e8re qu&#8217;on va pouvoir avoir des sous [ &#8230; ] pour pouvoir commencer le projet et qu&#8217;on n&#8217;attende pas encore.<\/p>\n<p>Carol Jolin, pr\u00e9sident de l&#8217;Assembl\u00e9e de la francophonie de l&#8217;Ontario<br \/>\nPhoto d&#8217;un drapeau franco-ontarien devant la tour CN \u00e0 Toronto<br \/>\nLe drapeau franco-ontarien Photo : Radio-Canada\/Annie Poulin<br \/>\nParmi les autres priorit\u00e9s de l&#8217;AFO :<\/p>\n<p>8,25 millions de dollars pour la Place des arts \u00e0 Sudbury<br \/>\n2 millions de dollars pour remettre sur pied le programme de bourses pour les \u00e9tudiants des r\u00e9gions qui veulent \u00e9tudier au post-secondaire en fran\u00e7ais<br \/>\nToronto a deux priorit\u00e9s<\/p>\n<p>Le maire de Toronto, John Tory, a fait savoir lors d&#8217;une conf\u00e9rence de presse, quelles sont ses deux priorit\u00e9s pour le budget. Il souhaite voir des investissements pour le logement abordable et pour de futurs projets de transport en commun.<\/p>\n<p>Le maire de Toronto John Tory<br \/>\nLe maire de Toronto John Tory Photo : Radio-Canada\/John Rieti<br \/>\nIl aimerait \u00e9videmment qu&#8217;il y ait des annonces pr\u00e9cises sur les projets qui recevront du financement pour lui permettre d&#8217;entreprendre certains travaux, mais ne s&#8217;attend toutefois pas \u00e0 ce que ce soit indiqu\u00e9 aussi clairement dans le budget.<\/p>\n<p>Je ne m&#8217;attends pas n\u00e9cessairement \u00e0 \u00e7a, mais je m&#8217;attends \u00e0 ce que ce soit juste et je m&#8217;attends \u00e0 avoir des indications sur leurs intentions pour nous permettre d&#8217;aller de l&#8217;avant rapidement.<\/p>\n<p>John Tory, maire de Toronto<br \/>\nAttentes politiques<\/p>\n<p>Les progressistes-conservateurs ont des attentes bien pr\u00e9cises : ils veulent un plan \u00e0 long terme pour g\u00e9rer la dette de la province, la fin des fermetures d&#8217;\u00e9coles, l&#8217;annulation des contrats d&#8217;\u00e9nergie renouvelable et un plan pour g\u00e9rer la crise du logement.<\/p>\n<p>Le NPD voudrait voir un programme d&#8217;assurance m\u00e9dicaments comme celui qu&#8217;il a pr\u00e9sent\u00e9 r\u00e9cemment et l&#8217;arr\u00eat de la vente de d&#8217;Hydro One.<\/p>\n<p><span style=\"color: #3366ff;\"><a style=\"color: #3366ff;\" href=\"http:\/\/ici.radio-canada.ca\/nouvelle\/1030363\/attentes-elevees-budget-provincial-ontario-2017\">Click here for original article<\/a><\/span><\/p>\n","protected":false},"excerpt":{"rendered":"<p>PUBLI\u00c9 LE JEUDI 27 AVRIL 2017 \u00c0 5 H 54 On sait que la sant\u00e9 sera au coeur de ce budget. C&#8217;est la pr\u00e9occupation principale des Ontariens et le gouvernement a l&#8217;intention d&#8217;investir massivement dans ce secteur. La Coalition de la sant\u00e9 de l&#8217;Ontario s&#8217;attend \u00e0 voir le financement des h\u00f4pitaux augmenter de fa\u00e7on significative [&hellip;]<\/p>\n","protected":false},"author":1,"featured_media":0,"comment_status":"closed","ping_status":"closed","sticky":false,"template":"","format":"standard","meta":{"footnotes":""},"categories":[21],"tags":[],"class_list":["post-5206","post","type-post","status-publish","format-standard","hentry","category-ohc-in-the-news"],"yoast_head":"<!-- This site is optimized with the Yoast SEO plugin v27.4 - https:\/\/yoast.com\/product\/yoast-seo-wordpress\/ -->\n<title>Des attentes \u00e9lev\u00e9es pour le budget provincial - Ontario Health Coalition<\/title>\n<meta name=\"description\" content=\"PUBLI\u00c9 LE JEUDI 27 AVRIL 2017 \u00c0 5 H 54 On sait que la sant\u00e9 sera au coeur de ce budget. C&#039;est la pr\u00e9occupation principale des Ontariens et le gouvernement\" \/>\n<meta name=\"robots\" content=\"index, follow, max-snippet:-1, max-image-preview:large, max-video-preview:-1\" \/>\n<link rel=\"canonical\" href=\"https:\/\/www.ontariohealthcoalition.ca\/index.php\/des-attentes-elevees-pour-le-budget-provincial\/\" \/>\n<meta property=\"og:locale\" content=\"en_US\" \/>\n<meta property=\"og:type\" content=\"article\" \/>\n<meta property=\"og:title\" content=\"Des attentes \u00e9lev\u00e9es pour le budget provincial - Ontario Health Coalition\" \/>\n<meta property=\"og:description\" content=\"PUBLI\u00c9 LE JEUDI 27 AVRIL 2017 \u00c0 5 H 54 On sait que la sant\u00e9 sera au coeur de ce budget. C&#039;est la pr\u00e9occupation principale des Ontariens et le gouvernement\" \/>\n<meta property=\"og:url\" content=\"https:\/\/www.ontariohealthcoalition.ca\/index.php\/des-attentes-elevees-pour-le-budget-provincial\/\" \/>\n<meta property=\"og:site_name\" content=\"Ontario Health Coalition\" \/>\n<meta property=\"article:publisher\" content=\"https:\/\/www.facebook.com\/ontariohealth?fref=ts\" \/>\n<meta property=\"article:published_time\" content=\"2017-04-28T20:54:09+00:00\" \/>\n<meta property=\"article:modified_time\" content=\"2020-05-08T20:38:56+00:00\" \/>\n<meta name=\"author\" content=\"admin\" \/>\n<meta name=\"twitter:label1\" content=\"Written by\" \/>\n\t<meta name=\"twitter:data1\" content=\"admin\" \/>\n\t<meta name=\"twitter:label2\" content=\"Est. reading time\" \/>\n\t<meta name=\"twitter:data2\" content=\"4 minutes\" \/>\n<script type=\"application\/ld+json\" class=\"yoast-schema-graph\">{\"@context\":\"https:\\\/\\\/schema.org\",\"@graph\":[{\"@type\":\"Article\",\"@id\":\"https:\\\/\\\/www.ontariohealthcoalition.ca\\\/index.php\\\/des-attentes-elevees-pour-le-budget-provincial\\\/#article\",\"isPartOf\":{\"@id\":\"https:\\\/\\\/www.ontariohealthcoalition.ca\\\/index.php\\\/des-attentes-elevees-pour-le-budget-provincial\\\/\"},\"author\":{\"name\":\"admin\",\"@id\":\"https:\\\/\\\/www.ontariohealthcoalition.ca\\\/#\\\/schema\\\/person\\\/3bee6583f445dde27b35a7bba61b06b4\"},\"headline\":\"Des attentes \u00e9lev\u00e9es pour le budget provincial\",\"datePublished\":\"2017-04-28T20:54:09+00:00\",\"dateModified\":\"2020-05-08T20:38:56+00:00\",\"mainEntityOfPage\":{\"@id\":\"https:\\\/\\\/www.ontariohealthcoalition.ca\\\/index.php\\\/des-attentes-elevees-pour-le-budget-provincial\\\/\"},\"wordCount\":804,\"publisher\":{\"@id\":\"https:\\\/\\\/www.ontariohealthcoalition.ca\\\/#organization\"},\"articleSection\":[\"OHC in the News\"],\"inLanguage\":\"en-US\"},{\"@type\":\"WebPage\",\"@id\":\"https:\\\/\\\/www.ontariohealthcoalition.ca\\\/index.php\\\/des-attentes-elevees-pour-le-budget-provincial\\\/\",\"url\":\"https:\\\/\\\/www.ontariohealthcoalition.ca\\\/index.php\\\/des-attentes-elevees-pour-le-budget-provincial\\\/\",\"name\":\"Des attentes \u00e9lev\u00e9es pour le budget provincial - Ontario Health Coalition\",\"isPartOf\":{\"@id\":\"https:\\\/\\\/www.ontariohealthcoalition.ca\\\/#website\"},\"datePublished\":\"2017-04-28T20:54:09+00:00\",\"dateModified\":\"2020-05-08T20:38:56+00:00\",\"description\":\"PUBLI\u00c9 LE JEUDI 27 AVRIL 2017 \u00c0 5 H 54 On sait que la sant\u00e9 sera au coeur de ce budget. C'est la pr\u00e9occupation principale des Ontariens et le gouvernement\",\"breadcrumb\":{\"@id\":\"https:\\\/\\\/www.ontariohealthcoalition.ca\\\/index.php\\\/des-attentes-elevees-pour-le-budget-provincial\\\/#breadcrumb\"},\"inLanguage\":\"en-US\",\"potentialAction\":[{\"@type\":\"ReadAction\",\"target\":[\"https:\\\/\\\/www.ontariohealthcoalition.ca\\\/index.php\\\/des-attentes-elevees-pour-le-budget-provincial\\\/\"]}]},{\"@type\":\"BreadcrumbList\",\"@id\":\"https:\\\/\\\/www.ontariohealthcoalition.ca\\\/index.php\\\/des-attentes-elevees-pour-le-budget-provincial\\\/#breadcrumb\",\"itemListElement\":[{\"@type\":\"ListItem\",\"position\":1,\"name\":\"Home\",\"item\":\"https:\\\/\\\/www.ontariohealthcoalition.ca\\\/\"},{\"@type\":\"ListItem\",\"position\":2,\"name\":\"Des attentes \u00e9lev\u00e9es pour le budget provincial\"}]},{\"@type\":\"WebSite\",\"@id\":\"https:\\\/\\\/www.ontariohealthcoalition.ca\\\/#website\",\"url\":\"https:\\\/\\\/www.ontariohealthcoalition.ca\\\/\",\"name\":\"Ontario Health Coalition\",\"description\":\"Our primary goal is to protect and improve our public health care system\",\"publisher\":{\"@id\":\"https:\\\/\\\/www.ontariohealthcoalition.ca\\\/#organization\"},\"potentialAction\":[{\"@type\":\"SearchAction\",\"target\":{\"@type\":\"EntryPoint\",\"urlTemplate\":\"https:\\\/\\\/www.ontariohealthcoalition.ca\\\/?s={search_term_string}\"},\"query-input\":{\"@type\":\"PropertyValueSpecification\",\"valueRequired\":true,\"valueName\":\"search_term_string\"}}],\"inLanguage\":\"en-US\"},{\"@type\":\"Organization\",\"@id\":\"https:\\\/\\\/www.ontariohealthcoalition.ca\\\/#organization\",\"name\":\"Ontario Health Coalition\",\"url\":\"https:\\\/\\\/www.ontariohealthcoalition.ca\\\/\",\"logo\":{\"@type\":\"ImageObject\",\"inLanguage\":\"en-US\",\"@id\":\"https:\\\/\\\/www.ontariohealthcoalition.ca\\\/#\\\/schema\\\/logo\\\/image\\\/\",\"url\":\"https:\\\/\\\/www.ontariohealthcoalition.ca\\\/wp-content\\\/uploads\\\/logo_ohc_new-1.png\",\"contentUrl\":\"https:\\\/\\\/www.ontariohealthcoalition.ca\\\/wp-content\\\/uploads\\\/logo_ohc_new-1.png\",\"width\":478,\"height\":240,\"caption\":\"Ontario Health Coalition\"},\"image\":{\"@id\":\"https:\\\/\\\/www.ontariohealthcoalition.ca\\\/#\\\/schema\\\/logo\\\/image\\\/\"},\"sameAs\":[\"https:\\\/\\\/www.facebook.com\\\/ontariohealth?fref=ts\",\"https:\\\/\\\/x.com\\\/OntarioHealthC\",\"https:\\\/\\\/www.instagram.com\\\/ontariohealthcoalition\",\"https:\\\/\\\/www.tiktok.com\\\/@ontariohealthc\",\"https:\\\/\\\/www.youtube.com\\\/channel\\\/UCPy4Erf4xGLZV6CY23xdokw\"]},{\"@type\":\"Person\",\"@id\":\"https:\\\/\\\/www.ontariohealthcoalition.ca\\\/#\\\/schema\\\/person\\\/3bee6583f445dde27b35a7bba61b06b4\",\"name\":\"admin\"}]}<\/script>\n<!-- \/ Yoast SEO plugin. -->","yoast_head_json":{"title":"Des attentes \u00e9lev\u00e9es pour le budget provincial - Ontario Health Coalition","description":"PUBLI\u00c9 LE JEUDI 27 AVRIL 2017 \u00c0 5 H 54 On sait que la sant\u00e9 sera au coeur de ce budget. C'est la pr\u00e9occupation principale des Ontariens et le gouvernement","robots":{"index":"index","follow":"follow","max-snippet":"max-snippet:-1","max-image-preview":"max-image-preview:large","max-video-preview":"max-video-preview:-1"},"canonical":"https:\/\/www.ontariohealthcoalition.ca\/index.php\/des-attentes-elevees-pour-le-budget-provincial\/","og_locale":"en_US","og_type":"article","og_title":"Des attentes \u00e9lev\u00e9es pour le budget provincial - Ontario Health Coalition","og_description":"PUBLI\u00c9 LE JEUDI 27 AVRIL 2017 \u00c0 5 H 54 On sait que la sant\u00e9 sera au coeur de ce budget. C'est la pr\u00e9occupation principale des Ontariens et le gouvernement","og_url":"https:\/\/www.ontariohealthcoalition.ca\/index.php\/des-attentes-elevees-pour-le-budget-provincial\/","og_site_name":"Ontario Health Coalition","article_publisher":"https:\/\/www.facebook.com\/ontariohealth?fref=ts","article_published_time":"2017-04-28T20:54:09+00:00","article_modified_time":"2020-05-08T20:38:56+00:00","author":"admin","twitter_misc":{"Written by":"admin","Est. reading time":"4 minutes"},"schema":{"@context":"https:\/\/schema.org","@graph":[{"@type":"Article","@id":"https:\/\/www.ontariohealthcoalition.ca\/index.php\/des-attentes-elevees-pour-le-budget-provincial\/#article","isPartOf":{"@id":"https:\/\/www.ontariohealthcoalition.ca\/index.php\/des-attentes-elevees-pour-le-budget-provincial\/"},"author":{"name":"admin","@id":"https:\/\/www.ontariohealthcoalition.ca\/#\/schema\/person\/3bee6583f445dde27b35a7bba61b06b4"},"headline":"Des attentes \u00e9lev\u00e9es pour le budget provincial","datePublished":"2017-04-28T20:54:09+00:00","dateModified":"2020-05-08T20:38:56+00:00","mainEntityOfPage":{"@id":"https:\/\/www.ontariohealthcoalition.ca\/index.php\/des-attentes-elevees-pour-le-budget-provincial\/"},"wordCount":804,"publisher":{"@id":"https:\/\/www.ontariohealthcoalition.ca\/#organization"},"articleSection":["OHC in the News"],"inLanguage":"en-US"},{"@type":"WebPage","@id":"https:\/\/www.ontariohealthcoalition.ca\/index.php\/des-attentes-elevees-pour-le-budget-provincial\/","url":"https:\/\/www.ontariohealthcoalition.ca\/index.php\/des-attentes-elevees-pour-le-budget-provincial\/","name":"Des attentes \u00e9lev\u00e9es pour le budget provincial - Ontario Health Coalition","isPartOf":{"@id":"https:\/\/www.ontariohealthcoalition.ca\/#website"},"datePublished":"2017-04-28T20:54:09+00:00","dateModified":"2020-05-08T20:38:56+00:00","description":"PUBLI\u00c9 LE JEUDI 27 AVRIL 2017 \u00c0 5 H 54 On sait que la sant\u00e9 sera au coeur de ce budget. C'est la pr\u00e9occupation principale des Ontariens et le gouvernement","breadcrumb":{"@id":"https:\/\/www.ontariohealthcoalition.ca\/index.php\/des-attentes-elevees-pour-le-budget-provincial\/#breadcrumb"},"inLanguage":"en-US","potentialAction":[{"@type":"ReadAction","target":["https:\/\/www.ontariohealthcoalition.ca\/index.php\/des-attentes-elevees-pour-le-budget-provincial\/"]}]},{"@type":"BreadcrumbList","@id":"https:\/\/www.ontariohealthcoalition.ca\/index.php\/des-attentes-elevees-pour-le-budget-provincial\/#breadcrumb","itemListElement":[{"@type":"ListItem","position":1,"name":"Home","item":"https:\/\/www.ontariohealthcoalition.ca\/"},{"@type":"ListItem","position":2,"name":"Des attentes \u00e9lev\u00e9es pour le budget provincial"}]},{"@type":"WebSite","@id":"https:\/\/www.ontariohealthcoalition.ca\/#website","url":"https:\/\/www.ontariohealthcoalition.ca\/","name":"Ontario Health Coalition","description":"Our primary goal is to protect and improve our public health care system","publisher":{"@id":"https:\/\/www.ontariohealthcoalition.ca\/#organization"},"potentialAction":[{"@type":"SearchAction","target":{"@type":"EntryPoint","urlTemplate":"https:\/\/www.ontariohealthcoalition.ca\/?s={search_term_string}"},"query-input":{"@type":"PropertyValueSpecification","valueRequired":true,"valueName":"search_term_string"}}],"inLanguage":"en-US"},{"@type":"Organization","@id":"https:\/\/www.ontariohealthcoalition.ca\/#organization","name":"Ontario Health Coalition","url":"https:\/\/www.ontariohealthcoalition.ca\/","logo":{"@type":"ImageObject","inLanguage":"en-US","@id":"https:\/\/www.ontariohealthcoalition.ca\/#\/schema\/logo\/image\/","url":"https:\/\/www.ontariohealthcoalition.ca\/wp-content\/uploads\/logo_ohc_new-1.png","contentUrl":"https:\/\/www.ontariohealthcoalition.ca\/wp-content\/uploads\/logo_ohc_new-1.png","width":478,"height":240,"caption":"Ontario Health Coalition"},"image":{"@id":"https:\/\/www.ontariohealthcoalition.ca\/#\/schema\/logo\/image\/"},"sameAs":["https:\/\/www.facebook.com\/ontariohealth?fref=ts","https:\/\/x.com\/OntarioHealthC","https:\/\/www.instagram.com\/ontariohealthcoalition","https:\/\/www.tiktok.com\/@ontariohealthc","https:\/\/www.youtube.com\/channel\/UCPy4Erf4xGLZV6CY23xdokw"]},{"@type":"Person","@id":"https:\/\/www.ontariohealthcoalition.ca\/#\/schema\/person\/3bee6583f445dde27b35a7bba61b06b4","name":"admin"}]}},"_links":{"self":[{"href":"https:\/\/www.ontariohealthcoalition.ca\/index.php\/wp-json\/wp\/v2\/posts\/5206","targetHints":{"allow":["GET"]}}],"collection":[{"href":"https:\/\/www.ontariohealthcoalition.ca\/index.php\/wp-json\/wp\/v2\/posts"}],"about":[{"href":"https:\/\/www.ontariohealthcoalition.ca\/index.php\/wp-json\/wp\/v2\/types\/post"}],"author":[{"embeddable":true,"href":"https:\/\/www.ontariohealthcoalition.ca\/index.php\/wp-json\/wp\/v2\/users\/1"}],"replies":[{"embeddable":true,"href":"https:\/\/www.ontariohealthcoalition.ca\/index.php\/wp-json\/wp\/v2\/comments?post=5206"}],"version-history":[{"count":2,"href":"https:\/\/www.ontariohealthcoalition.ca\/index.php\/wp-json\/wp\/v2\/posts\/5206\/revisions"}],"predecessor-version":[{"id":11711,"href":"https:\/\/www.ontariohealthcoalition.ca\/index.php\/wp-json\/wp\/v2\/posts\/5206\/revisions\/11711"}],"wp:attachment":[{"href":"https:\/\/www.ontariohealthcoalition.ca\/index.php\/wp-json\/wp\/v2\/media?parent=5206"}],"wp:term":[{"taxonomy":"category","embeddable":true,"href":"https:\/\/www.ontariohealthcoalition.ca\/index.php\/wp-json\/wp\/v2\/categories?post=5206"},{"taxonomy":"post_tag","embeddable":true,"href":"https:\/\/www.ontariohealthcoalition.ca\/index.php\/wp-json\/wp\/v2\/tags?post=5206"}],"curies":[{"name":"wp","href":"https:\/\/api.w.org\/{rel}","templated":true}]}}