{"id":7981,"date":"2019-04-30T15:28:59","date_gmt":"2019-04-30T19:28:59","guid":{"rendered":"https:\/\/www.ontariohealthcoalition.ca\/?p=7981"},"modified":"2019-05-08T11:41:55","modified_gmt":"2019-05-08T15:41:55","slug":"les-reformes-de-la-sante-denoncees-a-queens-park","status":"publish","type":"post","link":"https:\/\/www.ontariohealthcoalition.ca\/index.php\/les-reformes-de-la-sante-denoncees-a-queens-park\/","title":{"rendered":"Les r\u00e9formes de la sant\u00e9 d\u00e9nonc\u00e9es \u00e0 Queen\u2019s Park"},"content":{"rendered":"<p>Publi\u00e9 le\u00a0<time datetime=\"Tue Apr 30 2019 15:28:09 GMT-0400 (Eastern Daylight Time)\" data-timeutc=\"Tue Apr 30 2019 15:28:09 GMT-0400 (Eastern Daylight Time)\" data-format=\"full-date-hours\">mardi\u00a030\u00a0avril\u00a02019 \u00e0 15\u00a0h\u00a028<\/time><br \/>\nMis \u00e0\u00a0jour le\u00a0<time datetime=\"Tue Apr 30 2019 22:06:16 GMT-0400 (Eastern Daylight Time)\" data-timeutc=\"Tue Apr 30 2019 22:06:16 GMT-0400 (Eastern Daylight Time)\" data-format=\"full-date-hours\">mardi\u00a030\u00a0avril\u00a02019 \u00e0 22\u00a0h\u00a006<\/time><\/p>\n<p><img decoding=\"async\" src=\"https:\/\/images.radio-canada.ca\/q_auto,w_1600\/v1\/ici-info\/16x9\/manifestation-ontario-sante-reforme-ford-queens-park.jpg\" alt=\"Trois manifestantes brandissent chacune une affiche invitant le premier ministre Doug Ford \u00c3\u00a0 cesser les coupes en sant\u00c3\u00a9.\" \/><\/p>\n<p>La Coalition ontarienne de la sant\u00e9 repr\u00e9sente plus d&#8217;un demi million de personnes, issues de 400 organisations diff\u00e9rentes. Photo: Radio-Canada \/ Fanny Geoffrion<\/p>\n<div class=\"m-signature signature-newsstory\">\n<div class=\"signature-container is-image-less\">\n<div class=\"signature-name-container is-image-less\"><span class=\"signature-avatar-first-name is-image-less\">Radio-Canada<\/span><\/div>\n<\/div>\n<\/div>\n<div class=\"lead-container\">\n<p class=\"e-p\">Des milliers de personnes se sont rassembl\u00e9es mardi devant l&#8217;Assembl\u00e9e l\u00e9gislative de l&#8217;Ontario pour protester contre les changements apport\u00e9s par le gouvernement au syst\u00e8me de soins de sant\u00e9.<\/p>\n<\/div>\n<section class=\"redactionals document-content-style\">\n<p class=\"e-p\">Des bus en provenance de tout l\u2019Ontario ont converg\u00e9 vers Toronto pour r\u00e9unir des repr\u00e9sentants syndicaux, des ambulanciers, des infirmi\u00e8res, des patients, des \u00e9tudiants ainsi que des citoyens qui se portent \u00e0 la d\u00e9fense des services de sant\u00e9.<\/p>\n<p class=\"e-p\">Le rassemblement \u00e9tait organis\u00e9 par la Coalition ontarienne de la sant\u00e9. Ce regroupement soutient que les changements m\u00e8nent \u00e0 la privatisation de certains services de sant\u00e9, une hypoth\u00e8se que la province rejette. La ministre de la Sant\u00e9, Christine Elliott, a d\u00e9clar\u00e9\u00a0<a class=\"e-internal-link\" title=\"que le gouvernement tenait au syst\u00e8me de sant\u00e9 public\" href=\"https:\/\/ici.radio-canada.ca\/nouvelle\/1150309\/sante-rliss-privatisation-npd-projet-loi\" target=\"_self\">que le gouvernement tenait au syst\u00e8me de sant\u00e9 public<\/a>.<\/p>\n<p class=\"e-p\">La porte-parole de l\u2019opposition en mati\u00e8re de sant\u00e9, France G\u00e9linas, n&#8217;est pas rassur\u00e9e pour autant. Elle soutient qu\u2019il est possible de transformer le syst\u00e8me autrement, sans privatiser les soins ou cr\u00e9er\u00a0<q lang=\"fr\"><span lang=\"fr\" title=\"Fran\u00e7ais\">une grosse bureaucratie \u00e0 Toronto<\/span><\/q>.<\/p>\n<p><img decoding=\"async\" src=\"https:\/\/images.radio-canada.ca\/q_auto,w_960\/v1\/ici-info\/16x9\/francine-gelinas-npd-sante-depute-ontario.jpg\" alt=\"La d\u00c3\u00a9put\u00c3\u00a9e n\u00c3\u00a9o-d\u00c3\u00a9mocrate de Nickel Belt, porte-parole de l'opposition officielle en sant\u00c3\u00a9, \u00c3\u00a9tait pr\u00c3\u00a9sente \u00c3\u00a0 la manifestation pour d\u00c3\u00a9noncer la r\u00c3\u00a9forme de sant\u00c3\u00a9.\" \/><\/p>\n<p>La d\u00e9put\u00e9 n\u00e9o-d\u00e9mocrate France G\u00e9linas croit qu&#8217;il y a d&#8217;autres fa\u00e7ons d&#8217;am\u00e9liorer le syst\u00e8me. Photo : Radio-Canada \/ Fanny Geoffrion<\/p>\n<p class=\"e-p\">Atteinte d\u2019une maladie g\u00e9n\u00e9tique rare, Amanda McCallum est venue \u00e0 la manifestation pour revendiquer des services pour elle-m\u00eame et pour son fils. Elle re\u00e7oit des injections chaque semaine pour soulager ses douleurs chroniques, mais elle affirme que la r\u00e9forme r\u00e9duira leur fr\u00e9quence \u00e0 quatre fois par ann\u00e9e, ce qui la forcera \u00e0 se d\u00e9placer en fauteuil roulant.<\/p>\n<p class=\"e-p\">Mme\u00a0McCallum s\u2019inqui\u00e8te aussi des changements qui surviendront dans les \u00e9coles et de l\u2019impact qu\u2019ils auront sur son jeune fils, qui a besoin de services sp\u00e9ciaux.<\/p>\n<p class=\"e-p\">La directrice de la Coalition ontarienne de la sant\u00e9, Natalie Mehra, estime que les d\u00e9penses du gouvernement en mati\u00e8re de sant\u00e9 annonc\u00e9es lors du budget provincial ne couvriront pas le co\u00fbt de l\u2019inflation et repr\u00e9sentent en r\u00e9alit\u00e9 une r\u00e9duction du financement des h\u00f4pitaux.<\/p>\n<div class=\"picture-attachment-container left\"><picture class=\"e-picture is-ratio sc-bdVaJa jvUOiv\"><source srcset=\"https:\/\/images.radio-canada.ca\/q_auto,w_960\/v1\/ici-info\/16x9\/manifestation-compressions-sante-queens-park.jpg\" media=\"(min-width: 0px) and (max-width: 480px)\" \/><source srcset=\"https:\/\/images.radio-canada.ca\/q_auto,w_960\/v1\/ici-info\/16x9\/manifestation-compressions-sante-queens-park.jpg\" media=\"(min-width: 481px) and (max-width: 99999px)\" \/><img decoding=\"async\" src=\"https:\/\/images.radio-canada.ca\/q_auto,w_960\/v1\/ici-info\/16x9\/manifestation-compressions-sante-queens-park.jpg\" alt=\"Des manifestants qui brandissent une banni\u00e8re et des drapeaux.\" \/><\/picture><\/div>\n<div class=\"picture-attachment-container left\"><span class=\"e-image-legend\">Les manifestants d\u00e9noncent les r\u00e9formes de la sant\u00e9 du gouvernement Ford. Photo : Radio-Canada<\/span><\/div>\n<p class=\"e-p\">Le groupe critique \u00e9galement la province pour avoir\u00a0<a class=\"e-internal-link\" title=\"regroup\u00e9 les r\u00e9gies r\u00e9gionales de la sant\u00e9\" href=\"https:\/\/ici.radio-canada.ca\/nouvelle\/1155201\/sante-reforme-fusion-action-cancer-ontario\" target=\"_self\">regroup\u00e9 les r\u00e9gies r\u00e9gionales de la sant\u00e9<\/a>\u00a0(RLISS) pour former une grande agence, affirmant que le changement n\u2019am\u00e9liorera pas les soins aux patients.<\/p>\n<p class=\"e-p\">Emily Innes-Leroux, qui est porte-parole du syndicat SEIU Healthcare, doute elle aussi de l&#8217;efficacit\u00e9 d&#8217;un tel changement.<\/p>\n<blockquote class=\"e-blockquote undefined\"><p>Si une personne prend toutes les d\u00e9cisions et que les personnes qui travaillent au quotidien n&#8217;ont plus de voix, il n&#8217;y aura plus personne pour s&#8217;assurer que le syst\u00e8me fonctionne. \u00c7a fera en sorte que l&#8217;argent n&#8217;ira pas n\u00e9cessairement au bon endroit.<\/p>\n<footer>\u00a0Emily Innes-Leroux, porte-parole du syndicat SEIU Healthcare<\/footer>\n<\/blockquote>\n<p class=\"e-p\">La d\u00e9put\u00e9e France G\u00e9linas ajoute que l&#8217;Ontario est un territoire beaucoup trop grand pour ce type de centralisation.<\/p>\n<p><a href=\"https:\/\/ici.radio-canada.ca\/nouvelle\/1167111\/sante-reforme-manifestation-ontario-ford-queens-park\"><span style=\"color: #3366ff;\">Click Here for full article.\u00a0<\/span><\/a><\/p>\n<\/section>\n","protected":false},"excerpt":{"rendered":"<p>Publi\u00e9 le\u00a0mardi\u00a030\u00a0avril\u00a02019 \u00e0 15\u00a0h\u00a028 Mis \u00e0\u00a0jour le\u00a0mardi\u00a030\u00a0avril\u00a02019 \u00e0 22\u00a0h\u00a006 La Coalition ontarienne de la sant\u00e9 repr\u00e9sente plus d&#8217;un demi million de personnes, issues de 400 organisations diff\u00e9rentes. Photo: Radio-Canada \/ Fanny Geoffrion Radio-Canada Des milliers de personnes se sont rassembl\u00e9es mardi devant l&#8217;Assembl\u00e9e l\u00e9gislative de l&#8217;Ontario pour protester contre les changements apport\u00e9s par le gouvernement [&hellip;]<\/p>\n","protected":false},"author":1,"featured_media":0,"comment_status":"closed","ping_status":"closed","sticky":false,"template":"","format":"standard","meta":{"footnotes":""},"categories":[21],"tags":[],"class_list":["post-7981","post","type-post","status-publish","format-standard","hentry","category-ohc-in-the-news"],"yoast_head":"<!-- This site is optimized with the Yoast SEO plugin v27.5 - https:\/\/yoast.com\/product\/yoast-seo-wordpress\/ -->\n<title>Les r\u00e9formes de la sant\u00e9 d\u00e9nonc\u00e9es \u00e0 Queen\u2019s Park - Ontario Health Coalition<\/title>\n<meta name=\"description\" content=\"Publi\u00e9 le\u00a0mardi\u00a030\u00a0avril\u00a02019 \u00e0 15\u00a0h\u00a028 Mis \u00e0\u00a0jour le\u00a0mardi\u00a030\u00a0avril\u00a02019 \u00e0 22\u00a0h\u00a006 La Coalition ontarienne de la sant\u00e9 repr\u00e9sente plus d&#039;un demi million\" \/>\n<meta name=\"robots\" content=\"index, follow, max-snippet:-1, max-image-preview:large, max-video-preview:-1\" \/>\n<link rel=\"canonical\" href=\"https:\/\/www.ontariohealthcoalition.ca\/index.php\/les-reformes-de-la-sante-denoncees-a-queens-park\/\" \/>\n<meta property=\"og:locale\" content=\"en_US\" \/>\n<meta property=\"og:type\" content=\"article\" \/>\n<meta property=\"og:title\" content=\"Les r\u00e9formes de la sant\u00e9 d\u00e9nonc\u00e9es \u00e0 Queen\u2019s Park - Ontario Health Coalition\" \/>\n<meta property=\"og:description\" content=\"Publi\u00e9 le\u00a0mardi\u00a030\u00a0avril\u00a02019 \u00e0 15\u00a0h\u00a028 Mis \u00e0\u00a0jour le\u00a0mardi\u00a030\u00a0avril\u00a02019 \u00e0 22\u00a0h\u00a006 La Coalition ontarienne de la sant\u00e9 repr\u00e9sente plus d&#039;un demi million\" \/>\n<meta property=\"og:url\" content=\"https:\/\/www.ontariohealthcoalition.ca\/index.php\/les-reformes-de-la-sante-denoncees-a-queens-park\/\" \/>\n<meta property=\"og:site_name\" content=\"Ontario Health Coalition\" \/>\n<meta property=\"article:publisher\" content=\"https:\/\/www.facebook.com\/ontariohealth?fref=ts\" \/>\n<meta property=\"article:published_time\" content=\"2019-04-30T19:28:59+00:00\" \/>\n<meta property=\"article:modified_time\" content=\"2019-05-08T15:41:55+00:00\" \/>\n<meta property=\"og:image\" content=\"https:\/\/images.radio-canada.ca\/q_auto,w_1600\/v1\/ici-info\/16x9\/manifestation-ontario-sante-reforme-ford-queens-park.jpg\" \/>\n<meta name=\"author\" content=\"admin\" \/>\n<meta name=\"twitter:label1\" content=\"Written by\" \/>\n\t<meta name=\"twitter:data1\" content=\"admin\" \/>\n\t<meta name=\"twitter:label2\" content=\"Est. reading time\" \/>\n\t<meta name=\"twitter:data2\" content=\"3 minutes\" \/>\n<script type=\"application\/ld+json\" class=\"yoast-schema-graph\">{\"@context\":\"https:\\\/\\\/schema.org\",\"@graph\":[{\"@type\":\"Article\",\"@id\":\"https:\\\/\\\/www.ontariohealthcoalition.ca\\\/index.php\\\/les-reformes-de-la-sante-denoncees-a-queens-park\\\/#article\",\"isPartOf\":{\"@id\":\"https:\\\/\\\/www.ontariohealthcoalition.ca\\\/index.php\\\/les-reformes-de-la-sante-denoncees-a-queens-park\\\/\"},\"author\":{\"name\":\"admin\",\"@id\":\"https:\\\/\\\/www.ontariohealthcoalition.ca\\\/#\\\/schema\\\/person\\\/3bee6583f445dde27b35a7bba61b06b4\"},\"headline\":\"Les r\u00e9formes de la sant\u00e9 d\u00e9nonc\u00e9es \u00e0 Queen\u2019s Park\",\"datePublished\":\"2019-04-30T19:28:59+00:00\",\"dateModified\":\"2019-05-08T15:41:55+00:00\",\"mainEntityOfPage\":{\"@id\":\"https:\\\/\\\/www.ontariohealthcoalition.ca\\\/index.php\\\/les-reformes-de-la-sante-denoncees-a-queens-park\\\/\"},\"wordCount\":549,\"publisher\":{\"@id\":\"https:\\\/\\\/www.ontariohealthcoalition.ca\\\/#organization\"},\"image\":{\"@id\":\"https:\\\/\\\/www.ontariohealthcoalition.ca\\\/index.php\\\/les-reformes-de-la-sante-denoncees-a-queens-park\\\/#primaryimage\"},\"thumbnailUrl\":\"https:\\\/\\\/images.radio-canada.ca\\\/q_auto,w_1600\\\/v1\\\/ici-info\\\/16x9\\\/manifestation-ontario-sante-reforme-ford-queens-park.jpg\",\"articleSection\":[\"OHC in the News\"],\"inLanguage\":\"en-US\"},{\"@type\":\"WebPage\",\"@id\":\"https:\\\/\\\/www.ontariohealthcoalition.ca\\\/index.php\\\/les-reformes-de-la-sante-denoncees-a-queens-park\\\/\",\"url\":\"https:\\\/\\\/www.ontariohealthcoalition.ca\\\/index.php\\\/les-reformes-de-la-sante-denoncees-a-queens-park\\\/\",\"name\":\"Les r\u00e9formes de la sant\u00e9 d\u00e9nonc\u00e9es \u00e0 Queen\u2019s Park - Ontario Health Coalition\",\"isPartOf\":{\"@id\":\"https:\\\/\\\/www.ontariohealthcoalition.ca\\\/#website\"},\"primaryImageOfPage\":{\"@id\":\"https:\\\/\\\/www.ontariohealthcoalition.ca\\\/index.php\\\/les-reformes-de-la-sante-denoncees-a-queens-park\\\/#primaryimage\"},\"image\":{\"@id\":\"https:\\\/\\\/www.ontariohealthcoalition.ca\\\/index.php\\\/les-reformes-de-la-sante-denoncees-a-queens-park\\\/#primaryimage\"},\"thumbnailUrl\":\"https:\\\/\\\/images.radio-canada.ca\\\/q_auto,w_1600\\\/v1\\\/ici-info\\\/16x9\\\/manifestation-ontario-sante-reforme-ford-queens-park.jpg\",\"datePublished\":\"2019-04-30T19:28:59+00:00\",\"dateModified\":\"2019-05-08T15:41:55+00:00\",\"description\":\"Publi\u00e9 le\u00a0mardi\u00a030\u00a0avril\u00a02019 \u00e0 15\u00a0h\u00a028 Mis \u00e0\u00a0jour le\u00a0mardi\u00a030\u00a0avril\u00a02019 \u00e0 22\u00a0h\u00a006 La Coalition ontarienne de la sant\u00e9 repr\u00e9sente plus d'un demi million\",\"breadcrumb\":{\"@id\":\"https:\\\/\\\/www.ontariohealthcoalition.ca\\\/index.php\\\/les-reformes-de-la-sante-denoncees-a-queens-park\\\/#breadcrumb\"},\"inLanguage\":\"en-US\",\"potentialAction\":[{\"@type\":\"ReadAction\",\"target\":[\"https:\\\/\\\/www.ontariohealthcoalition.ca\\\/index.php\\\/les-reformes-de-la-sante-denoncees-a-queens-park\\\/\"]}]},{\"@type\":\"ImageObject\",\"inLanguage\":\"en-US\",\"@id\":\"https:\\\/\\\/www.ontariohealthcoalition.ca\\\/index.php\\\/les-reformes-de-la-sante-denoncees-a-queens-park\\\/#primaryimage\",\"url\":\"https:\\\/\\\/images.radio-canada.ca\\\/q_auto,w_1600\\\/v1\\\/ici-info\\\/16x9\\\/manifestation-ontario-sante-reforme-ford-queens-park.jpg\",\"contentUrl\":\"https:\\\/\\\/images.radio-canada.ca\\\/q_auto,w_1600\\\/v1\\\/ici-info\\\/16x9\\\/manifestation-ontario-sante-reforme-ford-queens-park.jpg\"},{\"@type\":\"BreadcrumbList\",\"@id\":\"https:\\\/\\\/www.ontariohealthcoalition.ca\\\/index.php\\\/les-reformes-de-la-sante-denoncees-a-queens-park\\\/#breadcrumb\",\"itemListElement\":[{\"@type\":\"ListItem\",\"position\":1,\"name\":\"Home\",\"item\":\"https:\\\/\\\/www.ontariohealthcoalition.ca\\\/\"},{\"@type\":\"ListItem\",\"position\":2,\"name\":\"Les r\u00e9formes de la sant\u00e9 d\u00e9nonc\u00e9es \u00e0 Queen\u2019s Park\"}]},{\"@type\":\"WebSite\",\"@id\":\"https:\\\/\\\/www.ontariohealthcoalition.ca\\\/#website\",\"url\":\"https:\\\/\\\/www.ontariohealthcoalition.ca\\\/\",\"name\":\"Ontario Health Coalition\",\"description\":\"Our primary goal is to protect and improve our public health care system\",\"publisher\":{\"@id\":\"https:\\\/\\\/www.ontariohealthcoalition.ca\\\/#organization\"},\"potentialAction\":[{\"@type\":\"SearchAction\",\"target\":{\"@type\":\"EntryPoint\",\"urlTemplate\":\"https:\\\/\\\/www.ontariohealthcoalition.ca\\\/?s={search_term_string}\"},\"query-input\":{\"@type\":\"PropertyValueSpecification\",\"valueRequired\":true,\"valueName\":\"search_term_string\"}}],\"inLanguage\":\"en-US\"},{\"@type\":\"Organization\",\"@id\":\"https:\\\/\\\/www.ontariohealthcoalition.ca\\\/#organization\",\"name\":\"Ontario Health Coalition\",\"url\":\"https:\\\/\\\/www.ontariohealthcoalition.ca\\\/\",\"logo\":{\"@type\":\"ImageObject\",\"inLanguage\":\"en-US\",\"@id\":\"https:\\\/\\\/www.ontariohealthcoalition.ca\\\/#\\\/schema\\\/logo\\\/image\\\/\",\"url\":\"https:\\\/\\\/www.ontariohealthcoalition.ca\\\/wp-content\\\/uploads\\\/logo_ohc_new-1.png\",\"contentUrl\":\"https:\\\/\\\/www.ontariohealthcoalition.ca\\\/wp-content\\\/uploads\\\/logo_ohc_new-1.png\",\"width\":478,\"height\":240,\"caption\":\"Ontario Health Coalition\"},\"image\":{\"@id\":\"https:\\\/\\\/www.ontariohealthcoalition.ca\\\/#\\\/schema\\\/logo\\\/image\\\/\"},\"sameAs\":[\"https:\\\/\\\/www.facebook.com\\\/ontariohealth?fref=ts\",\"https:\\\/\\\/x.com\\\/OntarioHealthC\",\"https:\\\/\\\/www.instagram.com\\\/ontariohealthcoalition\",\"https:\\\/\\\/www.tiktok.com\\\/@ontariohealthc\",\"https:\\\/\\\/www.youtube.com\\\/channel\\\/UCPy4Erf4xGLZV6CY23xdokw\"]},{\"@type\":\"Person\",\"@id\":\"https:\\\/\\\/www.ontariohealthcoalition.ca\\\/#\\\/schema\\\/person\\\/3bee6583f445dde27b35a7bba61b06b4\",\"name\":\"admin\"}]}<\/script>\n<!-- \/ Yoast SEO plugin. -->","yoast_head_json":{"title":"Les r\u00e9formes de la sant\u00e9 d\u00e9nonc\u00e9es \u00e0 Queen\u2019s Park - Ontario Health Coalition","description":"Publi\u00e9 le\u00a0mardi\u00a030\u00a0avril\u00a02019 \u00e0 15\u00a0h\u00a028 Mis \u00e0\u00a0jour le\u00a0mardi\u00a030\u00a0avril\u00a02019 \u00e0 22\u00a0h\u00a006 La Coalition ontarienne de la sant\u00e9 repr\u00e9sente plus d'un demi million","robots":{"index":"index","follow":"follow","max-snippet":"max-snippet:-1","max-image-preview":"max-image-preview:large","max-video-preview":"max-video-preview:-1"},"canonical":"https:\/\/www.ontariohealthcoalition.ca\/index.php\/les-reformes-de-la-sante-denoncees-a-queens-park\/","og_locale":"en_US","og_type":"article","og_title":"Les r\u00e9formes de la sant\u00e9 d\u00e9nonc\u00e9es \u00e0 Queen\u2019s Park - Ontario Health Coalition","og_description":"Publi\u00e9 le\u00a0mardi\u00a030\u00a0avril\u00a02019 \u00e0 15\u00a0h\u00a028 Mis \u00e0\u00a0jour le\u00a0mardi\u00a030\u00a0avril\u00a02019 \u00e0 22\u00a0h\u00a006 La Coalition ontarienne de la sant\u00e9 repr\u00e9sente plus d'un demi million","og_url":"https:\/\/www.ontariohealthcoalition.ca\/index.php\/les-reformes-de-la-sante-denoncees-a-queens-park\/","og_site_name":"Ontario Health Coalition","article_publisher":"https:\/\/www.facebook.com\/ontariohealth?fref=ts","article_published_time":"2019-04-30T19:28:59+00:00","article_modified_time":"2019-05-08T15:41:55+00:00","og_image":[{"url":"https:\/\/images.radio-canada.ca\/q_auto,w_1600\/v1\/ici-info\/16x9\/manifestation-ontario-sante-reforme-ford-queens-park.jpg","type":"","width":"","height":""}],"author":"admin","twitter_misc":{"Written by":"admin","Est. reading time":"3 minutes"},"schema":{"@context":"https:\/\/schema.org","@graph":[{"@type":"Article","@id":"https:\/\/www.ontariohealthcoalition.ca\/index.php\/les-reformes-de-la-sante-denoncees-a-queens-park\/#article","isPartOf":{"@id":"https:\/\/www.ontariohealthcoalition.ca\/index.php\/les-reformes-de-la-sante-denoncees-a-queens-park\/"},"author":{"name":"admin","@id":"https:\/\/www.ontariohealthcoalition.ca\/#\/schema\/person\/3bee6583f445dde27b35a7bba61b06b4"},"headline":"Les r\u00e9formes de la sant\u00e9 d\u00e9nonc\u00e9es \u00e0 Queen\u2019s Park","datePublished":"2019-04-30T19:28:59+00:00","dateModified":"2019-05-08T15:41:55+00:00","mainEntityOfPage":{"@id":"https:\/\/www.ontariohealthcoalition.ca\/index.php\/les-reformes-de-la-sante-denoncees-a-queens-park\/"},"wordCount":549,"publisher":{"@id":"https:\/\/www.ontariohealthcoalition.ca\/#organization"},"image":{"@id":"https:\/\/www.ontariohealthcoalition.ca\/index.php\/les-reformes-de-la-sante-denoncees-a-queens-park\/#primaryimage"},"thumbnailUrl":"https:\/\/images.radio-canada.ca\/q_auto,w_1600\/v1\/ici-info\/16x9\/manifestation-ontario-sante-reforme-ford-queens-park.jpg","articleSection":["OHC in the News"],"inLanguage":"en-US"},{"@type":"WebPage","@id":"https:\/\/www.ontariohealthcoalition.ca\/index.php\/les-reformes-de-la-sante-denoncees-a-queens-park\/","url":"https:\/\/www.ontariohealthcoalition.ca\/index.php\/les-reformes-de-la-sante-denoncees-a-queens-park\/","name":"Les r\u00e9formes de la sant\u00e9 d\u00e9nonc\u00e9es \u00e0 Queen\u2019s Park - Ontario Health Coalition","isPartOf":{"@id":"https:\/\/www.ontariohealthcoalition.ca\/#website"},"primaryImageOfPage":{"@id":"https:\/\/www.ontariohealthcoalition.ca\/index.php\/les-reformes-de-la-sante-denoncees-a-queens-park\/#primaryimage"},"image":{"@id":"https:\/\/www.ontariohealthcoalition.ca\/index.php\/les-reformes-de-la-sante-denoncees-a-queens-park\/#primaryimage"},"thumbnailUrl":"https:\/\/images.radio-canada.ca\/q_auto,w_1600\/v1\/ici-info\/16x9\/manifestation-ontario-sante-reforme-ford-queens-park.jpg","datePublished":"2019-04-30T19:28:59+00:00","dateModified":"2019-05-08T15:41:55+00:00","description":"Publi\u00e9 le\u00a0mardi\u00a030\u00a0avril\u00a02019 \u00e0 15\u00a0h\u00a028 Mis \u00e0\u00a0jour le\u00a0mardi\u00a030\u00a0avril\u00a02019 \u00e0 22\u00a0h\u00a006 La Coalition ontarienne de la sant\u00e9 repr\u00e9sente plus d'un demi million","breadcrumb":{"@id":"https:\/\/www.ontariohealthcoalition.ca\/index.php\/les-reformes-de-la-sante-denoncees-a-queens-park\/#breadcrumb"},"inLanguage":"en-US","potentialAction":[{"@type":"ReadAction","target":["https:\/\/www.ontariohealthcoalition.ca\/index.php\/les-reformes-de-la-sante-denoncees-a-queens-park\/"]}]},{"@type":"ImageObject","inLanguage":"en-US","@id":"https:\/\/www.ontariohealthcoalition.ca\/index.php\/les-reformes-de-la-sante-denoncees-a-queens-park\/#primaryimage","url":"https:\/\/images.radio-canada.ca\/q_auto,w_1600\/v1\/ici-info\/16x9\/manifestation-ontario-sante-reforme-ford-queens-park.jpg","contentUrl":"https:\/\/images.radio-canada.ca\/q_auto,w_1600\/v1\/ici-info\/16x9\/manifestation-ontario-sante-reforme-ford-queens-park.jpg"},{"@type":"BreadcrumbList","@id":"https:\/\/www.ontariohealthcoalition.ca\/index.php\/les-reformes-de-la-sante-denoncees-a-queens-park\/#breadcrumb","itemListElement":[{"@type":"ListItem","position":1,"name":"Home","item":"https:\/\/www.ontariohealthcoalition.ca\/"},{"@type":"ListItem","position":2,"name":"Les r\u00e9formes de la sant\u00e9 d\u00e9nonc\u00e9es \u00e0 Queen\u2019s Park"}]},{"@type":"WebSite","@id":"https:\/\/www.ontariohealthcoalition.ca\/#website","url":"https:\/\/www.ontariohealthcoalition.ca\/","name":"Ontario Health Coalition","description":"Our primary goal is to protect and improve our public health care system","publisher":{"@id":"https:\/\/www.ontariohealthcoalition.ca\/#organization"},"potentialAction":[{"@type":"SearchAction","target":{"@type":"EntryPoint","urlTemplate":"https:\/\/www.ontariohealthcoalition.ca\/?s={search_term_string}"},"query-input":{"@type":"PropertyValueSpecification","valueRequired":true,"valueName":"search_term_string"}}],"inLanguage":"en-US"},{"@type":"Organization","@id":"https:\/\/www.ontariohealthcoalition.ca\/#organization","name":"Ontario Health Coalition","url":"https:\/\/www.ontariohealthcoalition.ca\/","logo":{"@type":"ImageObject","inLanguage":"en-US","@id":"https:\/\/www.ontariohealthcoalition.ca\/#\/schema\/logo\/image\/","url":"https:\/\/www.ontariohealthcoalition.ca\/wp-content\/uploads\/logo_ohc_new-1.png","contentUrl":"https:\/\/www.ontariohealthcoalition.ca\/wp-content\/uploads\/logo_ohc_new-1.png","width":478,"height":240,"caption":"Ontario Health Coalition"},"image":{"@id":"https:\/\/www.ontariohealthcoalition.ca\/#\/schema\/logo\/image\/"},"sameAs":["https:\/\/www.facebook.com\/ontariohealth?fref=ts","https:\/\/x.com\/OntarioHealthC","https:\/\/www.instagram.com\/ontariohealthcoalition","https:\/\/www.tiktok.com\/@ontariohealthc","https:\/\/www.youtube.com\/channel\/UCPy4Erf4xGLZV6CY23xdokw"]},{"@type":"Person","@id":"https:\/\/www.ontariohealthcoalition.ca\/#\/schema\/person\/3bee6583f445dde27b35a7bba61b06b4","name":"admin"}]}},"_links":{"self":[{"href":"https:\/\/www.ontariohealthcoalition.ca\/index.php\/wp-json\/wp\/v2\/posts\/7981","targetHints":{"allow":["GET"]}}],"collection":[{"href":"https:\/\/www.ontariohealthcoalition.ca\/index.php\/wp-json\/wp\/v2\/posts"}],"about":[{"href":"https:\/\/www.ontariohealthcoalition.ca\/index.php\/wp-json\/wp\/v2\/types\/post"}],"author":[{"embeddable":true,"href":"https:\/\/www.ontariohealthcoalition.ca\/index.php\/wp-json\/wp\/v2\/users\/1"}],"replies":[{"embeddable":true,"href":"https:\/\/www.ontariohealthcoalition.ca\/index.php\/wp-json\/wp\/v2\/comments?post=7981"}],"version-history":[{"count":1,"href":"https:\/\/www.ontariohealthcoalition.ca\/index.php\/wp-json\/wp\/v2\/posts\/7981\/revisions"}],"predecessor-version":[{"id":7982,"href":"https:\/\/www.ontariohealthcoalition.ca\/index.php\/wp-json\/wp\/v2\/posts\/7981\/revisions\/7982"}],"wp:attachment":[{"href":"https:\/\/www.ontariohealthcoalition.ca\/index.php\/wp-json\/wp\/v2\/media?parent=7981"}],"wp:term":[{"taxonomy":"category","embeddable":true,"href":"https:\/\/www.ontariohealthcoalition.ca\/index.php\/wp-json\/wp\/v2\/categories?post=7981"},{"taxonomy":"post_tag","embeddable":true,"href":"https:\/\/www.ontariohealthcoalition.ca\/index.php\/wp-json\/wp\/v2\/tags?post=7981"}],"curies":[{"name":"wp","href":"https:\/\/api.w.org\/{rel}","templated":true}]}}